{"id":155,"date":"2016-06-07T21:05:51","date_gmt":"2016-06-07T20:05:51","guid":{"rendered":"https:\/\/visirius.com\/?p=155"},"modified":"2020-09-21T13:16:51","modified_gmt":"2020-09-21T12:16:51","slug":"sense-granularitat-no-hi-ha-sintesi","status":"publish","type":"post","link":"https:\/\/visirius.com\/ca\/sense-granularitat-no-hi-ha-sintesi\/","title":{"rendered":"Sense granularitat no hi ha s\u00edntesi"},"content":{"rendered":"<section  class='av_textblock_section av-av_textblock-2de302bf1aa3cf4c9157dbe6f50ac7eb '   itemscope=\"itemscope\" itemtype=\"https:\/\/schema.org\/BlogPosting\" itemprop=\"blogPost\" ><div class='avia_textblock'  itemprop=\"text\" ><p>Fent la tan necess\u00e0ria neteja de papers uns dies despr\u00e9s de presentar el primer estudi de mercat des que va arrencar Visirius, pensava com les persones que ens dediquem a la investigaci\u00f3 i l&#8217;an\u00e0lisi ens movem constantment entre la granularitat i la s\u00edntesi, l&#8217;obertura i el tancament, entre la visi\u00f3 del detall i la visi\u00f3 global. Aquest post \u00e9s <strong>una guia per aquesta balanceig en las diferents etapes d&#8217;una investigaci\u00f3<\/strong> (en aquest cas va ser una enquesta per\u00f2 \u00e9s aplicable a altres t\u00e8cniques).<\/p>\n<p><!--more--><\/p>\n<p>Comencem la travessia. <strong>La primera etapa per a que neixi una investigaci\u00f3 \u00e9s la tasca comercial.<\/strong> La granularitat: totes les t\u00e8cniques que es poden dur a terme. La s\u00edntesi: resoldre la necessitat d&#8217;informaci\u00f3 estructurada i accionable que tenen els -futurs- clients.<\/p>\n<p><strong>El moment del briefing, <\/strong>sigui amb preguntes molt generalistes o peticions concretes, la granularitat consisteix en detallar els objectius, procediments i necessitats que tindrem. La s\u00edntesi: ho podem fer b\u00e9 i ser\u00e0 \u00fatil!<\/p>\n<p><strong>Preparem la proposta.<\/strong> La granularidad: objectius espec\u00edfics, t\u00e8cniques de recollida i an\u00e0lisis de dades i qu\u00e8 guanyem i de qu\u00e8 hem de prescindir, quin equip de treball constitu\u00efm, calendari de tot el projecte i el pressupost que implica. La s\u00edntesi: demostrar la fermesa de l&#8217;estudi i la utilitat que se n&#8217;extraur\u00e0.<\/p>\n<p><strong>Aproven l&#8217;estudi!<\/strong> Treballar la granularitat amb les dimensions i les variables del q\u00fcestionari, preparar el treball de camp, les rutes, les fotoc\u00f2pies, els permisos, les quotes de la mostra. La s\u00edntesi: com es facin les preguntes i a qui determinar\u00e0 el tipus de resultats que s&#8217;obtindran.<\/p>\n<p><strong>Durant el treball de camp<\/strong>, la realitat ens envia missatges que hem de saber captar, hem d&#8217;atendre les imprevisibles vicissituds, controlar el compliment de quotes i revisar els resultats del primer 20% de mostre per detectar les respostes que no hav\u00edem tingut en compte. La s\u00edntesis: vetllar per la qualitat de les dades recollides, la nostra mat\u00e8ria prima.<\/p>\n<p><strong>Amb l&#8217;an\u00e0lisi de dades <\/strong>ens submergim en un mar de n\u00fameros del que ja no en sortirem fins ben avan\u00e7at l&#8217;informe. La granularitat: depurar, codificar, creuar dades, crear variables, fer gr\u00e0fics i explicacions que ajudin a entendre els fen\u00f2mens. La s\u00edntesis: sortir a la superf\u00edcie per veure l&#8217;estudi en perspectiva i no perdre de vista els objectius ni el calendari.<\/p>\n<p><strong>Arribem a la fase clau on visibilitzar tota la feina feta: l&#8217;elaboraci\u00f3 de l&#8217;informe<\/strong>. La granularitat: el fil de la hist\u00f2ria, la redacci\u00f3 de l&#8217;an\u00e0lisi que lligui el munt de peces que formen les variables. La s\u00edntesis: que sigui un informe comprensible tant per a qui busca la granularitat com per a qui busca la s\u00edntesi.<\/p>\n<p><strong>Presentem l&#8217;estudi amb els missatges clau per atraure l&#8217;audi\u00e8ncia<\/strong>. La granularitat: les paraules, com relacionem tota la informaci\u00f3 per destacar les conclusions. La s\u00edntesi: missatges clars destacant-ne la utilitat, per a qu\u00e8 servir\u00e0 aquest an\u00e0lisi.<\/p>\n<p><strong>Respirem i tanquem l&#8217;estudi.<\/strong> La granularitat: gestions administratives, ordre i neteja d&#8217;arxius i documents. I la \u00faltima s\u00edntesi: qu\u00e8 hem apr\u00e8s nosaltres?<\/p>\n<p>Precisament en aquest moment ha estat quan he decidit escriure aquest post desgranant i sintetitzant tot el proc\u00e9s realitzat&#8230; Toca tornar a comen\u00e7ar i obrir un nou cam\u00ed<\/p>\n<\/div><\/section>\n<div  class='av-social-sharing-box av-av_social_share-14533493d87135ad494c8f1aebb8c6a1 av-social-sharing-box-default  avia-builder-el-1  el_after_av_textblock  avia-builder-el-last  av-social-sharing-box-fullwidth'><div class=\"av-share-box\"><h5 class='av-share-link-description av-no-toc '>Si el vols compartir<\/h5><ul class=\"av-share-box-list noLightbox\"><li class='av-share-link av-social-link-facebook avia_social_iconfont' ><a target=\"_blank\" aria-label=\"Compartir a Facebook\" href='https:\/\/www.facebook.com\/sharer.php?u=https:\/\/visirius.com\/ca\/sense-granularitat-no-hi-ha-sintesi\/&#038;t=Sense%20granularitat%20no%20hi%20ha%20s%C3%ADntesi' data-av_icon='\ue8f3' data-av_iconfont='entypo-fontello'  title='' data-avia-related-tooltip='Compartir a Facebook'><span class='avia_hidden_link_text'>Compartir a Facebook<\/span><\/a><\/li><li class='av-share-link av-social-link-twitter avia_social_iconfont' ><a target=\"_blank\" aria-label=\"Compartir a X\" href='https:\/\/twitter.com\/share?text=Sense%20granularitat%20no%20hi%20ha%20s%C3%ADntesi&#038;url=https:\/\/visirius.com\/ca\/?p=155' data-av_icon='\ue932' data-av_iconfont='entypo-fontello'  title='' data-avia-related-tooltip='Compartir a X'><span class='avia_hidden_link_text'>Compartir a X<\/span><\/a><\/li><li class='av-share-link av-social-link-whatsapp avia_social_iconfont' ><a target=\"_blank\" aria-label=\"Share on WhatsApp\" href='https:\/\/api.whatsapp.com\/send?text=https:\/\/visirius.com\/ca\/sense-granularitat-no-hi-ha-sintesi\/' data-av_icon='\uf232' data-av_iconfont='entypo-fontello'  title='' data-avia-related-tooltip='Share on WhatsApp'><span class='avia_hidden_link_text'>Share on WhatsApp<\/span><\/a><\/li><li class='av-share-link av-social-link-linkedin avia_social_iconfont' ><a target=\"_blank\" aria-label=\"Compartir a LinkedIn\" href='https:\/\/linkedin.com\/shareArticle?mini=true&#038;title=Sense%20granularitat%20no%20hi%20ha%20s%C3%ADntesi&#038;url=https:\/\/visirius.com\/ca\/sense-granularitat-no-hi-ha-sintesi\/' data-av_icon='\ue8fc' data-av_iconfont='entypo-fontello'  title='' data-avia-related-tooltip='Compartir a LinkedIn'><span class='avia_hidden_link_text'>Compartir a LinkedIn<\/span><\/a><\/li><li class='av-share-link av-social-link-mail avia_social_iconfont' ><a  aria-label=\"Compartir per correu\" href='mailto:?subject=Sense%20granularitat%20no%20hi%20ha%20s%C3%ADntesi&#038;body=https:\/\/visirius.com\/ca\/sense-granularitat-no-hi-ha-sintesi\/' data-av_icon='\ue805' data-av_iconfont='entypo-fontello'  title='' data-avia-related-tooltip='Compartir per correu'><span class='avia_hidden_link_text'>Compartir per correu<\/span><\/a><\/li><\/ul><\/div><\/div>\n","protected":false},"excerpt":{"rendered":"<p>Fent la tan necess\u00e0ria neteja de papers uns dies despr\u00e9s de presentar el primer estudi de mercat des que va arrencar Visirius, pensava com les persones que ens dediquem a la investigaci\u00f3 i l&#8217;an\u00e0lisi ens movem constantment entre la granularitat i la s\u00edntesi, l&#8217;obertura i el tancament, entre la visi\u00f3 del detall i la visi\u00f3 [&hellip;]<\/p>\n","protected":false},"author":2,"featured_media":158,"comment_status":"closed","ping_status":"closed","sticky":false,"template":"","format":"standard","meta":{"footnotes":""},"categories":[12],"tags":[22],"class_list":["post-155","post","type-post","status-publish","format-standard","has-post-thumbnail","hentry","category-projectes","tag-sintesi"],"yoast_head":"<!-- This site is optimized with the Yoast SEO plugin v27.4 - https:\/\/yoast.com\/product\/yoast-seo-wordpress\/ -->\n<title>Sense granularitat no hi ha s\u00edntesi - Blog - Visirius<\/title>\n<meta name=\"description\" content=\"Descripci\u00f3 fase a fase d&#039;una investigaci\u00f3 on ens movem entre el detall de la granularitat i la visi\u00f3 global de la s\u00edntesi\" \/>\n<meta name=\"robots\" content=\"index, follow, max-snippet:-1, max-image-preview:large, max-video-preview:-1\" \/>\n<link rel=\"canonical\" href=\"https:\/\/visirius.com\/ca\/sense-granularitat-no-hi-ha-sintesi\" \/>\n<meta property=\"og:locale\" content=\"ca_ES\" \/>\n<meta property=\"og:type\" content=\"article\" \/>\n<meta property=\"og:title\" content=\"Sense granularitat no hi ha s\u00edntesi - Blog - Visirius\" \/>\n<meta property=\"og:description\" content=\"Descripci\u00f3 fase a fase d&#039;una investigaci\u00f3 on ens movem entre el detall de la granularitat i la visi\u00f3 global de la s\u00edntesi\" \/>\n<meta property=\"og:url\" content=\"https:\/\/visirius.com\/ca\/sense-granularitat-no-hi-ha-sintesi\" \/>\n<meta property=\"og:site_name\" content=\"Visirius\" \/>\n<meta property=\"article:publisher\" content=\"https:\/\/www.facebook.com\/Visirius.vi\/?fref=ts\" \/>\n<meta property=\"article:author\" content=\"https:\/\/www.facebook.com\/Visiriuscom\/\" \/>\n<meta property=\"article:published_time\" content=\"2016-06-07T20:05:51+00:00\" \/>\n<meta property=\"article:modified_time\" content=\"2020-09-21T12:16:51+00:00\" \/>\n<meta property=\"og:image\" content=\"https:\/\/visirius.com\/wp-content\/uploads\/2016\/06\/Post_Granularidad.jpg\" \/>\n\t<meta property=\"og:image:width\" content=\"1600\" \/>\n\t<meta property=\"og:image:height\" content=\"1200\" \/>\n\t<meta property=\"og:image:type\" content=\"image\/jpeg\" \/>\n<meta name=\"author\" content=\"Amanda Figueras\" \/>\n<meta name=\"twitter:card\" content=\"summary_large_image\" \/>\n<meta name=\"twitter:creator\" content=\"@Visiriuscom\" \/>\n<meta name=\"twitter:site\" content=\"@Visiriuscom\" \/>\n<meta name=\"twitter:label1\" content=\"Escrit per\" \/>\n\t<meta name=\"twitter:data1\" content=\"Amanda Figueras\" \/>\n\t<meta name=\"twitter:label2\" content=\"Temps estimat de lectura\" \/>\n\t<meta name=\"twitter:data2\" content=\"3 minuts\" \/>\n<script type=\"application\/ld+json\" class=\"yoast-schema-graph\">{\"@context\":\"https:\\\/\\\/schema.org\",\"@graph\":[{\"@type\":\"Article\",\"@id\":\"https:\\\/\\\/visirius.com\\\/ca\\\/sense-granularitat-no-hi-ha-sintesi#article\",\"isPartOf\":{\"@id\":\"https:\\\/\\\/visirius.com\\\/ca\\\/sense-granularitat-no-hi-ha-sintesi\\\/\"},\"author\":{\"name\":\"Amanda Figueras\",\"@id\":\"https:\\\/\\\/visirius.com\\\/#\\\/schema\\\/person\\\/246ff17dd9d9835c0c68089ee2aaa045\"},\"headline\":\"Sense granularitat no hi ha s\u00edntesi\",\"datePublished\":\"2016-06-07T20:05:51+00:00\",\"dateModified\":\"2020-09-21T12:16:51+00:00\",\"mainEntityOfPage\":{\"@id\":\"https:\\\/\\\/visirius.com\\\/ca\\\/sense-granularitat-no-hi-ha-sintesi\\\/\"},\"wordCount\":602,\"image\":{\"@id\":\"https:\\\/\\\/visirius.com\\\/ca\\\/sense-granularitat-no-hi-ha-sintesi#primaryimage\"},\"thumbnailUrl\":\"https:\\\/\\\/visirius.com\\\/wp-content\\\/uploads\\\/2016\\\/06\\\/Post_Granularidad.jpg\",\"keywords\":[\"S\u00edntesi\"],\"articleSection\":[\"Projectes\"],\"inLanguage\":\"ca\"},{\"@type\":\"WebPage\",\"@id\":\"https:\\\/\\\/visirius.com\\\/ca\\\/sense-granularitat-no-hi-ha-sintesi\\\/\",\"url\":\"https:\\\/\\\/visirius.com\\\/ca\\\/sense-granularitat-no-hi-ha-sintesi\",\"name\":\"Sense granularitat no hi ha s\u00edntesi - Blog - Visirius\",\"isPartOf\":{\"@id\":\"https:\\\/\\\/visirius.com\\\/#website\"},\"primaryImageOfPage\":{\"@id\":\"https:\\\/\\\/visirius.com\\\/ca\\\/sense-granularitat-no-hi-ha-sintesi#primaryimage\"},\"image\":{\"@id\":\"https:\\\/\\\/visirius.com\\\/ca\\\/sense-granularitat-no-hi-ha-sintesi#primaryimage\"},\"thumbnailUrl\":\"https:\\\/\\\/visirius.com\\\/wp-content\\\/uploads\\\/2016\\\/06\\\/Post_Granularidad.jpg\",\"datePublished\":\"2016-06-07T20:05:51+00:00\",\"dateModified\":\"2020-09-21T12:16:51+00:00\",\"author\":{\"@id\":\"https:\\\/\\\/visirius.com\\\/#\\\/schema\\\/person\\\/246ff17dd9d9835c0c68089ee2aaa045\"},\"description\":\"Descripci\u00f3 fase a fase d'una investigaci\u00f3 on ens movem entre el detall de la granularitat i la visi\u00f3 global de la s\u00edntesi\",\"breadcrumb\":{\"@id\":\"https:\\\/\\\/visirius.com\\\/ca\\\/sense-granularitat-no-hi-ha-sintesi#breadcrumb\"},\"inLanguage\":\"ca\",\"potentialAction\":[{\"@type\":\"ReadAction\",\"target\":[\"https:\\\/\\\/visirius.com\\\/ca\\\/sense-granularitat-no-hi-ha-sintesi\"]}]},{\"@type\":\"ImageObject\",\"inLanguage\":\"ca\",\"@id\":\"https:\\\/\\\/visirius.com\\\/ca\\\/sense-granularitat-no-hi-ha-sintesi#primaryimage\",\"url\":\"https:\\\/\\\/visirius.com\\\/wp-content\\\/uploads\\\/2016\\\/06\\\/Post_Granularidad.jpg\",\"contentUrl\":\"https:\\\/\\\/visirius.com\\\/wp-content\\\/uploads\\\/2016\\\/06\\\/Post_Granularidad.jpg\",\"width\":1600,\"height\":1200,\"caption\":\"Entre la granularidad y la s\u00edntesis\"},{\"@type\":\"BreadcrumbList\",\"@id\":\"https:\\\/\\\/visirius.com\\\/ca\\\/sense-granularitat-no-hi-ha-sintesi#breadcrumb\",\"itemListElement\":[{\"@type\":\"ListItem\",\"position\":1,\"name\":\"Inici\",\"item\":\"https:\\\/\\\/visirius.com\\\/ca\\\/\"},{\"@type\":\"ListItem\",\"position\":2,\"name\":\"Sense granularitat no hi ha s\u00edntesi\"}]},{\"@type\":\"WebSite\",\"@id\":\"https:\\\/\\\/visirius.com\\\/#website\",\"url\":\"https:\\\/\\\/visirius.com\\\/\",\"name\":\"Visirius\",\"description\":\"Donem vida a les dades\",\"potentialAction\":[{\"@type\":\"SearchAction\",\"target\":{\"@type\":\"EntryPoint\",\"urlTemplate\":\"https:\\\/\\\/visirius.com\\\/?s={search_term_string}\"},\"query-input\":{\"@type\":\"PropertyValueSpecification\",\"valueRequired\":true,\"valueName\":\"search_term_string\"}}],\"inLanguage\":\"ca\"},{\"@type\":\"Person\",\"@id\":\"https:\\\/\\\/visirius.com\\\/#\\\/schema\\\/person\\\/246ff17dd9d9835c0c68089ee2aaa045\",\"name\":\"Amanda Figueras\",\"image\":{\"@type\":\"ImageObject\",\"inLanguage\":\"ca\",\"@id\":\"https:\\\/\\\/secure.gravatar.com\\\/avatar\\\/494c575915d58022a722ae901347670b569ecd4e0daef70a5f98aecbf9723248?s=96&d=mm&r=g\",\"url\":\"https:\\\/\\\/secure.gravatar.com\\\/avatar\\\/494c575915d58022a722ae901347670b569ecd4e0daef70a5f98aecbf9723248?s=96&d=mm&r=g\",\"contentUrl\":\"https:\\\/\\\/secure.gravatar.com\\\/avatar\\\/494c575915d58022a722ae901347670b569ecd4e0daef70a5f98aecbf9723248?s=96&d=mm&r=g\",\"caption\":\"Amanda Figueras\"},\"description\":\"Emprendedora de Visirius: consultor\u00eda desde la perspectiva de la econom\u00eda social para fortalecer peque\u00f1as organizaciones sacando rendimiento de los datos que tiene al alcance #SmallData #SlowBusiness #Consultor\u00edadeProximidad\",\"sameAs\":[\"http:\\\/\\\/visirius.com\\\/\",\"https:\\\/\\\/www.facebook.com\\\/Visiriuscom\\\/\",\"https:\\\/\\\/x.com\\\/Visiriuscom\"],\"url\":\"https:\\\/\\\/visirius.com\\\/ca\\\/author\\\/amanda\\\/\"}]}<\/script>\n<!-- \/ Yoast SEO plugin. -->","yoast_head_json":{"title":"Sense granularitat no hi ha s\u00edntesi - Blog - Visirius","description":"Descripci\u00f3 fase a fase d'una investigaci\u00f3 on ens movem entre el detall de la granularitat i la visi\u00f3 global de la s\u00edntesi","robots":{"index":"index","follow":"follow","max-snippet":"max-snippet:-1","max-image-preview":"max-image-preview:large","max-video-preview":"max-video-preview:-1"},"canonical":"https:\/\/visirius.com\/ca\/sense-granularitat-no-hi-ha-sintesi","og_locale":"ca_ES","og_type":"article","og_title":"Sense granularitat no hi ha s\u00edntesi - Blog - Visirius","og_description":"Descripci\u00f3 fase a fase d'una investigaci\u00f3 on ens movem entre el detall de la granularitat i la visi\u00f3 global de la s\u00edntesi","og_url":"https:\/\/visirius.com\/ca\/sense-granularitat-no-hi-ha-sintesi","og_site_name":"Visirius","article_publisher":"https:\/\/www.facebook.com\/Visirius.vi\/?fref=ts","article_author":"https:\/\/www.facebook.com\/Visiriuscom\/","article_published_time":"2016-06-07T20:05:51+00:00","article_modified_time":"2020-09-21T12:16:51+00:00","og_image":[{"width":1600,"height":1200,"url":"https:\/\/visirius.com\/wp-content\/uploads\/2016\/06\/Post_Granularidad.jpg","type":"image\/jpeg"}],"author":"Amanda Figueras","twitter_card":"summary_large_image","twitter_creator":"@Visiriuscom","twitter_site":"@Visiriuscom","twitter_misc":{"Escrit per":"Amanda Figueras","Temps estimat de lectura":"3 minuts"},"schema":{"@context":"https:\/\/schema.org","@graph":[{"@type":"Article","@id":"https:\/\/visirius.com\/ca\/sense-granularitat-no-hi-ha-sintesi#article","isPartOf":{"@id":"https:\/\/visirius.com\/ca\/sense-granularitat-no-hi-ha-sintesi\/"},"author":{"name":"Amanda Figueras","@id":"https:\/\/visirius.com\/#\/schema\/person\/246ff17dd9d9835c0c68089ee2aaa045"},"headline":"Sense granularitat no hi ha s\u00edntesi","datePublished":"2016-06-07T20:05:51+00:00","dateModified":"2020-09-21T12:16:51+00:00","mainEntityOfPage":{"@id":"https:\/\/visirius.com\/ca\/sense-granularitat-no-hi-ha-sintesi\/"},"wordCount":602,"image":{"@id":"https:\/\/visirius.com\/ca\/sense-granularitat-no-hi-ha-sintesi#primaryimage"},"thumbnailUrl":"https:\/\/visirius.com\/wp-content\/uploads\/2016\/06\/Post_Granularidad.jpg","keywords":["S\u00edntesi"],"articleSection":["Projectes"],"inLanguage":"ca"},{"@type":"WebPage","@id":"https:\/\/visirius.com\/ca\/sense-granularitat-no-hi-ha-sintesi\/","url":"https:\/\/visirius.com\/ca\/sense-granularitat-no-hi-ha-sintesi","name":"Sense granularitat no hi ha s\u00edntesi - Blog - Visirius","isPartOf":{"@id":"https:\/\/visirius.com\/#website"},"primaryImageOfPage":{"@id":"https:\/\/visirius.com\/ca\/sense-granularitat-no-hi-ha-sintesi#primaryimage"},"image":{"@id":"https:\/\/visirius.com\/ca\/sense-granularitat-no-hi-ha-sintesi#primaryimage"},"thumbnailUrl":"https:\/\/visirius.com\/wp-content\/uploads\/2016\/06\/Post_Granularidad.jpg","datePublished":"2016-06-07T20:05:51+00:00","dateModified":"2020-09-21T12:16:51+00:00","author":{"@id":"https:\/\/visirius.com\/#\/schema\/person\/246ff17dd9d9835c0c68089ee2aaa045"},"description":"Descripci\u00f3 fase a fase d'una investigaci\u00f3 on ens movem entre el detall de la granularitat i la visi\u00f3 global de la s\u00edntesi","breadcrumb":{"@id":"https:\/\/visirius.com\/ca\/sense-granularitat-no-hi-ha-sintesi#breadcrumb"},"inLanguage":"ca","potentialAction":[{"@type":"ReadAction","target":["https:\/\/visirius.com\/ca\/sense-granularitat-no-hi-ha-sintesi"]}]},{"@type":"ImageObject","inLanguage":"ca","@id":"https:\/\/visirius.com\/ca\/sense-granularitat-no-hi-ha-sintesi#primaryimage","url":"https:\/\/visirius.com\/wp-content\/uploads\/2016\/06\/Post_Granularidad.jpg","contentUrl":"https:\/\/visirius.com\/wp-content\/uploads\/2016\/06\/Post_Granularidad.jpg","width":1600,"height":1200,"caption":"Entre la granularidad y la s\u00edntesis"},{"@type":"BreadcrumbList","@id":"https:\/\/visirius.com\/ca\/sense-granularitat-no-hi-ha-sintesi#breadcrumb","itemListElement":[{"@type":"ListItem","position":1,"name":"Inici","item":"https:\/\/visirius.com\/ca\/"},{"@type":"ListItem","position":2,"name":"Sense granularitat no hi ha s\u00edntesi"}]},{"@type":"WebSite","@id":"https:\/\/visirius.com\/#website","url":"https:\/\/visirius.com\/","name":"Visirius","description":"Donem vida a les dades","potentialAction":[{"@type":"SearchAction","target":{"@type":"EntryPoint","urlTemplate":"https:\/\/visirius.com\/?s={search_term_string}"},"query-input":{"@type":"PropertyValueSpecification","valueRequired":true,"valueName":"search_term_string"}}],"inLanguage":"ca"},{"@type":"Person","@id":"https:\/\/visirius.com\/#\/schema\/person\/246ff17dd9d9835c0c68089ee2aaa045","name":"Amanda Figueras","image":{"@type":"ImageObject","inLanguage":"ca","@id":"https:\/\/secure.gravatar.com\/avatar\/494c575915d58022a722ae901347670b569ecd4e0daef70a5f98aecbf9723248?s=96&d=mm&r=g","url":"https:\/\/secure.gravatar.com\/avatar\/494c575915d58022a722ae901347670b569ecd4e0daef70a5f98aecbf9723248?s=96&d=mm&r=g","contentUrl":"https:\/\/secure.gravatar.com\/avatar\/494c575915d58022a722ae901347670b569ecd4e0daef70a5f98aecbf9723248?s=96&d=mm&r=g","caption":"Amanda Figueras"},"description":"Emprendedora de Visirius: consultor\u00eda desde la perspectiva de la econom\u00eda social para fortalecer peque\u00f1as organizaciones sacando rendimiento de los datos que tiene al alcance #SmallData #SlowBusiness #Consultor\u00edadeProximidad","sameAs":["https:\/\/visirius.com\/","https:\/\/www.facebook.com\/Visiriuscom\/","https:\/\/x.com\/Visiriuscom"],"url":"https:\/\/visirius.com\/ca\/author\/amanda\/"}]}},"_links":{"self":[{"href":"https:\/\/visirius.com\/ca\/wp-json\/wp\/v2\/posts\/155","targetHints":{"allow":["GET"]}}],"collection":[{"href":"https:\/\/visirius.com\/ca\/wp-json\/wp\/v2\/posts"}],"about":[{"href":"https:\/\/visirius.com\/ca\/wp-json\/wp\/v2\/types\/post"}],"author":[{"embeddable":true,"href":"https:\/\/visirius.com\/ca\/wp-json\/wp\/v2\/users\/2"}],"replies":[{"embeddable":true,"href":"https:\/\/visirius.com\/ca\/wp-json\/wp\/v2\/comments?post=155"}],"version-history":[{"count":10,"href":"https:\/\/visirius.com\/ca\/wp-json\/wp\/v2\/posts\/155\/revisions"}],"predecessor-version":[{"id":1822,"href":"https:\/\/visirius.com\/ca\/wp-json\/wp\/v2\/posts\/155\/revisions\/1822"}],"wp:featuredmedia":[{"embeddable":true,"href":"https:\/\/visirius.com\/ca\/wp-json\/wp\/v2\/media\/158"}],"wp:attachment":[{"href":"https:\/\/visirius.com\/ca\/wp-json\/wp\/v2\/media?parent=155"}],"wp:term":[{"taxonomy":"category","embeddable":true,"href":"https:\/\/visirius.com\/ca\/wp-json\/wp\/v2\/categories?post=155"},{"taxonomy":"post_tag","embeddable":true,"href":"https:\/\/visirius.com\/ca\/wp-json\/wp\/v2\/tags?post=155"}],"curies":[{"name":"wp","href":"https:\/\/api.w.org\/{rel}","templated":true}]}}