{"id":1481,"date":"2020-03-07T23:33:29","date_gmt":"2020-03-07T22:33:29","guid":{"rendered":"https:\/\/visirius.com\/?p=1481"},"modified":"2020-10-23T16:24:55","modified_gmt":"2020-10-23T15:24:55","slug":"aprenent-infografies","status":"publish","type":"post","link":"https:\/\/visirius.com\/ca\/aprenent-infografies\/","title":{"rendered":"Aprenent a fer infografies"},"content":{"rendered":"<p>La intenci\u00f3 d&#8217;aquest post \u00e9s compartir els aprenentatges del curs La Infografia: entre l&#8217;art i el periodisme, de Jaime Serra a Dom\u00eastika. Un curs ple de reflexions per a que l&#8217;an\u00e0lisi de dades sigui m\u00e9s visual.<br \/>\n<!--more--><br \/>\nTant de bo aquest post et motivi a fer-lo. I si ja l&#8217;has fet, t&#8217;animi a compartir el que has apr\u00e8s. Comparteixo aqu\u00ed el que he apr\u00e8s i els exercicis que vaig fer.<\/p>\n<p>El <a href=\"https:\/\/www.domestika.org\/es\/courses\/386-infografia-creativa-entre-arte-y-periodismo\/course\" target=\"_blank\" rel=\"noopener noreferrer\">curs<\/a> aporta teoria amb els v\u00eddeos i una bona quantitat de refer\u00e8ncies a articles, llibres i audiovisuals. Per\u00f2 el m\u00e9s important \u00e9s el repte que planteja amb els exercicis per v\u00e8ncer la par\u00e0lisi per no saber. <strong>Perqu\u00e8 com millor s&#8217;apr\u00e8n \u00e9s amb la pr\u00e0ctica.<\/strong> Perqu\u00e8 s&#8217;apr\u00e8n a fer infografies fent-les, amb el que tens, amb el que saps, amb el que ets.<\/p>\n<div  class='flex_column av-av_one_half-2a9015ff38129c418a3f2eafba3e9512 av_one_half  avia-builder-el-0  el_before_av_one_half  avia-builder-el-first  first flex_column_div  '     ><p>Aix\u00ed que el primer exercici consisteix en respondre a la pregunta <em>Qui s\u00f3c?<\/em> amb una frase que et representi evitant explicar a qu\u00e8 et dediques (malgrat fas segons ets, no -nom\u00e9s- ets el que fas).<\/p><\/div>\n<div  class='flex_column av-av_one_half-c6bd4a6d032faea034e7b9f0c326b190 av_one_half  avia-builder-el-1  el_after_av_one_half  el_before_av_one_full  flex_column_div  '     ><style type=\"text\/css\" data-created_by=\"avia_inline_auto\" id=\"style-css-av-av_image-c068274eb9e6c4d2055905fdee1a0d4e\">\n.avia-image-container.av-av_image-c068274eb9e6c4d2055905fdee1a0d4e img.avia_image{\nbox-shadow:none;\n}\n.avia-image-container.av-av_image-c068274eb9e6c4d2055905fdee1a0d4e .av-image-caption-overlay-center{\ncolor:#ffffff;\n}\n<\/style>\n<div  class='avia-image-container av-av_image-c068274eb9e6c4d2055905fdee1a0d4e av-styling- avia-align-left  avia-builder-el-2  avia-builder-el-no-sibling '   itemprop=\"image\" itemscope=\"itemscope\" itemtype=\"https:\/\/schema.org\/ImageObject\" ><div class=\"avia-image-container-inner\"><div class=\"avia-image-overlay-wrap\"><img decoding=\"async\" fetchpriority=\"high\" class='wp-image-1446 avia-img-lazy-loading-not-1446 avia_image ' src=\"https:\/\/visirius.com\/wp-content\/uploads\/2020\/03\/Quiero-300x112.jpg\" alt='Presentacion' title='Quiero'  height=\"112\" width=\"300\"  itemprop=\"thumbnailUrl\" srcset=\"https:\/\/visirius.com\/wp-content\/uploads\/2020\/03\/Quiero-300x112.jpg 300w, https:\/\/visirius.com\/wp-content\/uploads\/2020\/03\/Quiero-1030x384.jpg 1030w, https:\/\/visirius.com\/wp-content\/uploads\/2020\/03\/Quiero-768x286.jpg 768w, https:\/\/visirius.com\/wp-content\/uploads\/2020\/03\/Quiero-705x263.jpg 705w, https:\/\/visirius.com\/wp-content\/uploads\/2020\/03\/Quiero-450x168.jpg 450w, https:\/\/visirius.com\/wp-content\/uploads\/2020\/03\/Quiero.jpg 1319w\" sizes=\"(max-width: 300px) 100vw, 300px\" \/><\/div><\/div><\/div><\/div>\n<p>&nbsp;<\/p>\n<div  class='flex_column av-av_one_full-2a9015ff38129c418a3f2eafba3e9512 av_one_full  avia-builder-el-3  el_after_av_one_half  el_before_av_one_full  first flex_column_div  column-top-margin'     ><p>Entrem en mat\u00e8ria: L&#8217;est\u00e8tica com a \u00e8tica, com una manera de veure el m\u00f3n, pensar una realitat concreta i representar-la buscant la imatge, la pl\u00e0stica, la textura, la paleta crom\u00e0tica. Explicar una hist\u00f2ria amb els m\u00ednims elements possibles. <strong>El que no suma, resta.<\/strong> <\/p><\/div>\n<div  class='flex_column av-av_one_full-2a9015ff38129c418a3f2eafba3e9512 av_one_full  avia-builder-el-4  el_after_av_one_full  el_before_av_one_full  first flex_column_div  column-top-margin'     ><p>I l&#8217;exercici consisteix en <em>Visualitzar una porci\u00f3 de la teva vida quotidiana amb un cl\u00e0ssic model de representaci\u00f3 estad\u00edstica<\/em>. Bona part de la meva vida quotidiana gira entorn de Visirius, i un dels meus grans reptes \u00e9s treballar la pres\u00e8ncia virtual amb aquesta web escrivint posts com el que est\u00e0s llegint. Vaig voler representar quin efecte han tingut els posts en les visites per demostrar la import\u00e0ncia de comunicar.<\/p><\/div>\n<div  class='flex_column av-av_one_full-2a9015ff38129c418a3f2eafba3e9512 av_one_full  avia-builder-el-5  el_after_av_one_full  el_before_av_one_full  first flex_column_div  column-top-margin'     ><style type=\"text\/css\" data-created_by=\"avia_inline_auto\" id=\"style-css-av-av_image-9c96bbf23e4e60de4fdcb26a7bda03e6\">\n.avia-image-container.av-av_image-9c96bbf23e4e60de4fdcb26a7bda03e6 img.avia_image{\nbox-shadow:none;\n}\n.avia-image-container.av-av_image-9c96bbf23e4e60de4fdcb26a7bda03e6 .av-image-caption-overlay-center{\ncolor:#ffffff;\n}\n<\/style>\n<div  class='avia-image-container av-av_image-9c96bbf23e4e60de4fdcb26a7bda03e6 av-styling- avia-align-center  avia-builder-el-6  avia-builder-el-no-sibling '   itemprop=\"image\" itemscope=\"itemscope\" itemtype=\"https:\/\/schema.org\/ImageObject\" ><div class=\"avia-image-container-inner\"><div class=\"avia-image-overlay-wrap\"><img decoding=\"async\" fetchpriority=\"high\" class='wp-image-1449 avia-img-lazy-loading-not-1449 avia_image ' src=\"https:\/\/visirius.com\/wp-content\/uploads\/2020\/03\/Web-1030x748.jpg\" alt='Blog' title='Web'  height=\"748\" width=\"1030\"  itemprop=\"thumbnailUrl\" srcset=\"https:\/\/visirius.com\/wp-content\/uploads\/2020\/03\/Web-1030x748.jpg 1030w, https:\/\/visirius.com\/wp-content\/uploads\/2020\/03\/Web-300x218.jpg 300w, https:\/\/visirius.com\/wp-content\/uploads\/2020\/03\/Web-768x558.jpg 768w, https:\/\/visirius.com\/wp-content\/uploads\/2020\/03\/Web-705x512.jpg 705w, https:\/\/visirius.com\/wp-content\/uploads\/2020\/03\/Web-450x327.jpg 450w, https:\/\/visirius.com\/wp-content\/uploads\/2020\/03\/Web.jpg 1490w\" sizes=\"(max-width: 1030px) 100vw, 1030px\" \/><\/div><\/div><\/div><\/div>\n<p>&nbsp;<\/p>\n<div  class='flex_column av-av_one_full-2a9015ff38129c418a3f2eafba3e9512 av_one_full  avia-builder-el-7  el_after_av_one_full  el_before_av_one_full  first flex_column_div  column-top-margin'     ><p>A la lli\u00e7\u00f3 &#8220;Construint veritats amb dades&#8221; planteja <em>Fer un gr\u00e0fic sobre la teva felicitat<\/em>. <strong>Com representar quelcom tan intangible?<\/strong> Quina import\u00e0ncia t\u00e9 la veracitat? Quins exercicis s\u00f3n intemporals i quins representen un moment determinat? Jo em vaig preguntar: la meva felicitat m\u00e9s propera podria ser el dia promig que contingui un poc de tot el que he fet i sentit en una setmana? I vaig representar la meva vida just en la setmana que estava fent el curs. Real Time. Creacci\u00f3.<\/p><\/div>\n<div  class='flex_column av-av_one_full-2a9015ff38129c418a3f2eafba3e9512 av_one_full  avia-builder-el-8  el_after_av_one_full  el_before_av_one_full  first flex_column_div  column-top-margin'     ><style type=\"text\/css\" data-created_by=\"avia_inline_auto\" id=\"style-css-av-av_image-902d72228e25c177101b2ba293857e72\">\n.avia-image-container.av-av_image-902d72228e25c177101b2ba293857e72 img.avia_image{\nbox-shadow:none;\n}\n.avia-image-container.av-av_image-902d72228e25c177101b2ba293857e72 .av-image-caption-overlay-center{\ncolor:#ffffff;\n}\n<\/style>\n<div  class='avia-image-container av-av_image-902d72228e25c177101b2ba293857e72 av-styling- avia-align-center  avia-builder-el-9  avia-builder-el-no-sibling '   itemprop=\"image\" itemscope=\"itemscope\" itemtype=\"https:\/\/schema.org\/ImageObject\" ><div class=\"avia-image-container-inner\"><div class=\"avia-image-overlay-wrap\"><img decoding=\"async\" fetchpriority=\"high\" class='wp-image-1451 avia-img-lazy-loading-not-1451 avia_image ' src=\"https:\/\/visirius.com\/wp-content\/uploads\/2020\/03\/Semana-1030x748.jpg\" alt='Semana' title='Semana'  height=\"748\" width=\"1030\"  itemprop=\"thumbnailUrl\" srcset=\"https:\/\/visirius.com\/wp-content\/uploads\/2020\/03\/Semana-1030x748.jpg 1030w, https:\/\/visirius.com\/wp-content\/uploads\/2020\/03\/Semana-300x218.jpg 300w, https:\/\/visirius.com\/wp-content\/uploads\/2020\/03\/Semana-768x558.jpg 768w, https:\/\/visirius.com\/wp-content\/uploads\/2020\/03\/Semana-705x512.jpg 705w, https:\/\/visirius.com\/wp-content\/uploads\/2020\/03\/Semana-450x327.jpg 450w, https:\/\/visirius.com\/wp-content\/uploads\/2020\/03\/Semana.jpg 1490w\" sizes=\"(max-width: 1030px) 100vw, 1030px\" \/><\/div><\/div><\/div><\/div>\n<div  class='flex_column av-av_one_full-2a9015ff38129c418a3f2eafba3e9512 av_one_full  avia-builder-el-10  el_after_av_one_full  el_before_av_one_full  first flex_column_div  column-top-margin'     ><p>Set dies despr\u00e9s de pintar un quadradet per cada hora viscuda segons la dedicaci\u00f3 (colors) i l&#8217;estat d&#8217;\u00e0nim (cap amunt o cap avall de l&#8217;eix) vaig descobrir que el dia promig \u00e9s una muntanya russa emocional i un no parar d&#8217;activitats que m\u00e9s que felicitat evoca ansietat nom\u00e9s de pensar-hi. El meu dia promig no s&#8217;assembla a cap dels dies viscuts; <strong>el promig, com tants cops passa en estad\u00edstica social, ens orienta per\u00f2 no representa res ni ning\u00fa.<\/strong> \u00c9s tan objectiu que perd tota subjectivitat, que \u00e9s el que ens fa ser persones reals. La felicitat \u00e9s que els dies siguin diferents.<\/p><\/div>\n<p>&nbsp;<\/p>\n<div  class='flex_column av-av_one_full-2a9015ff38129c418a3f2eafba3e9512 av_one_full  avia-builder-el-11  el_after_av_one_full  el_before_av_one_half  first flex_column_div  column-top-margin'     ><p>I aix\u00ed arribem al <em>Projectr final<\/em> on d\u00f3na llibertat total i ens anima a fer-lo pensar, al mestre! <\/p><\/div>\n<div  class='flex_column av-av_one_half-2a9015ff38129c418a3f2eafba3e9512 av_one_half  avia-builder-el-12  el_after_av_one_full  el_before_av_one_half  first flex_column_div  column-top-margin'     ><p>Ens recomana l&#8217;avorriment com una gran font d&#8217;inspiraci\u00f3 creativa i anima a dibuixar a m\u00e0 el que t&#8217;imaginis abans d&#8217;editar-ho a l&#8217;ordinador: <strong>perqu\u00e8 si no ho pots dibuixar, no ho has ent\u00e8s.<\/strong> I a mi em va inspirar la natura, el seu creixement lent ple de fulles i flors fins a donar fruits. Vaig voler treballar amb dades recollides de l&#8217;acci\u00f3 comercial de Visirius per visualitzar la tremenda dedicaci\u00f3 que suposa vendre cada projecte.<\/p><\/div>\n<div  class='flex_column av-av_one_half-c6bd4a6d032faea034e7b9f0c326b190 av_one_half  avia-builder-el-13  el_after_av_one_half  el_before_av_one_full  flex_column_div  column-top-margin'     ><style type=\"text\/css\" data-created_by=\"avia_inline_auto\" id=\"style-css-av-av_image-fa4536dba9d3624bd19c6c7caf81e4b6\">\n.avia-image-container.av-av_image-fa4536dba9d3624bd19c6c7caf81e4b6 img.avia_image{\nbox-shadow:none;\n}\n.avia-image-container.av-av_image-fa4536dba9d3624bd19c6c7caf81e4b6 .av-image-caption-overlay-center{\ncolor:#ffffff;\n}\n<\/style>\n<div  class='avia-image-container av-av_image-fa4536dba9d3624bd19c6c7caf81e4b6 av-styling- avia-align-left  avia-builder-el-14  avia-builder-el-no-sibling '   itemprop=\"image\" itemscope=\"itemscope\" itemtype=\"https:\/\/schema.org\/ImageObject\" ><div class=\"avia-image-container-inner\"><div class=\"avia-image-overlay-wrap\"><img decoding=\"async\" fetchpriority=\"high\" class='wp-image-1453 avia-img-lazy-loading-not-1453 avia_image ' src=\"https:\/\/visirius.com\/wp-content\/uploads\/2020\/03\/ProyectoFinalManual-300x218.jpg\" alt='Manual' title='ProyectoFinalManual'  height=\"218\" width=\"300\"  itemprop=\"thumbnailUrl\" srcset=\"https:\/\/visirius.com\/wp-content\/uploads\/2020\/03\/ProyectoFinalManual-300x218.jpg 300w, https:\/\/visirius.com\/wp-content\/uploads\/2020\/03\/ProyectoFinalManual-1030x749.jpg 1030w, https:\/\/visirius.com\/wp-content\/uploads\/2020\/03\/ProyectoFinalManual-768x559.jpg 768w, https:\/\/visirius.com\/wp-content\/uploads\/2020\/03\/ProyectoFinalManual-1536x1118.jpg 1536w, https:\/\/visirius.com\/wp-content\/uploads\/2020\/03\/ProyectoFinalManual-2048x1490.jpg 2048w, https:\/\/visirius.com\/wp-content\/uploads\/2020\/03\/ProyectoFinalManual-1500x1091.jpg 1500w, https:\/\/visirius.com\/wp-content\/uploads\/2020\/03\/ProyectoFinalManual-705x513.jpg 705w, https:\/\/visirius.com\/wp-content\/uploads\/2020\/03\/ProyectoFinalManual-450x327.jpg 450w\" sizes=\"(max-width: 300px) 100vw, 300px\" \/><\/div><\/div><\/div><\/div>\n<div  class='flex_column av-av_one_full-2a9015ff38129c418a3f2eafba3e9512 av_one_full  avia-builder-el-15  el_after_av_one_half  el_before_av_one_full  first flex_column_div  column-top-margin'     ><p><div  class='flex_column av-av_one_full-2a9015ff38129c418a3f2eafba3e9512 av_one_full  avia-builder-el-16  el_after_av_one_full  el_before_av_image  first flex_column_div  column-top-margin'     ><\/div>I finalment, la infografia editada:<\/p><\/div>\n\n<style type=\"text\/css\" data-created_by=\"avia_inline_auto\" id=\"style-css-av-av_image-0a77188fbe7fe62e67cb7d1822d7b8c6\">\n.avia-image-container.av-av_image-0a77188fbe7fe62e67cb7d1822d7b8c6 img.avia_image{\nbox-shadow:none;\n}\n.avia-image-container.av-av_image-0a77188fbe7fe62e67cb7d1822d7b8c6 .av-image-caption-overlay-center{\ncolor:#ffffff;\n}\n<\/style>\n<div  class='avia-image-container av-av_image-0a77188fbe7fe62e67cb7d1822d7b8c6 av-styling- avia-align-center  avia-builder-el-17  el_after_av_one_full  avia-builder-el-last '   itemprop=\"image\" itemscope=\"itemscope\" itemtype=\"https:\/\/schema.org\/ImageObject\" ><div class=\"avia-image-container-inner\"><div class=\"avia-image-overlay-wrap\"><img decoding=\"async\" fetchpriority=\"high\" class='wp-image-1442 avia-img-lazy-loading-not-1442 avia_image ' src=\"https:\/\/visirius.com\/wp-content\/uploads\/2020\/03\/ProyectoFinal-1030x757.jpg\" alt='Infografia' title='ProyectoFinal'  height=\"757\" width=\"1030\"  itemprop=\"thumbnailUrl\" srcset=\"https:\/\/visirius.com\/wp-content\/uploads\/2020\/03\/ProyectoFinal-1030x757.jpg 1030w, https:\/\/visirius.com\/wp-content\/uploads\/2020\/03\/ProyectoFinal-300x221.jpg 300w, https:\/\/visirius.com\/wp-content\/uploads\/2020\/03\/ProyectoFinal-768x565.jpg 768w, https:\/\/visirius.com\/wp-content\/uploads\/2020\/03\/ProyectoFinal-705x518.jpg 705w, https:\/\/visirius.com\/wp-content\/uploads\/2020\/03\/ProyectoFinal-450x331.jpg 450w, https:\/\/visirius.com\/wp-content\/uploads\/2020\/03\/ProyectoFinal.jpg 1473w\" sizes=\"(max-width: 1030px) 100vw, 1030px\" \/><\/div><\/div><\/div>\n<p>[\/av_one_full]<\/p>\n<div  class='flex_column av-av_one_full-2a9015ff38129c418a3f2eafba3e9512 av_one_full first flex_column_div  '     ><p>Perqu\u00e8 vull vendre els meus serveis professionals com qui cultiva les llavors per a que germinin i donin fruit. Perqu\u00e8 vull fer cr\u00e9ixer aquest projecte i, amb ell, cr\u00e9ixer jo. Gr\u00e0cies, Jaime, per aquest curs en el que desenvolupar el pensament visual &#8230;i el pensament en general&#8230;<\/p><\/div>\n<p>&nbsp;<\/p>\n","protected":false},"excerpt":{"rendered":"<p>La intenci\u00f3 d&#8217;aquest post \u00e9s compartir els aprenentatges del curs La Infografia: entre l&#8217;art i el periodisme, de Jaime Serra a Dom\u00eastika. Un curs ple de reflexions per a que l&#8217;an\u00e0lisi de dades sigui m\u00e9s visual.<\/p>\n","protected":false},"author":2,"featured_media":1463,"comment_status":"open","ping_status":"open","sticky":false,"template":"","format":"standard","meta":{"footnotes":""},"categories":[50],"tags":[22,70],"class_list":["post-1481","post","type-post","status-publish","format-standard","has-post-thumbnail","hentry","category-formacions","tag-sintesi","tag-visualitzacio"],"yoast_head":"<!-- This site is optimized with the Yoast SEO plugin v27.4 - https:\/\/yoast.com\/product\/yoast-seo-wordpress\/ -->\n<title>Aprenent a fer infografies - Visirius<\/title>\n<meta name=\"description\" content=\"Un post on compartir els aprenentatges del curs La Infografia: entre l&#039;art i el periodisme, de Jaime Serra per aprendre a fer m\u00e9s visual l&#039;an\u00e0lisi de dades.\" \/>\n<meta name=\"robots\" content=\"index, follow, max-snippet:-1, max-image-preview:large, max-video-preview:-1\" \/>\n<link rel=\"canonical\" href=\"https:\/\/visirius.com\/ca\/aprenent-infografies\/\" \/>\n<meta property=\"og:locale\" content=\"ca_ES\" \/>\n<meta property=\"og:type\" content=\"article\" \/>\n<meta property=\"og:title\" content=\"Aprenent a fer infografies - Visirius\" \/>\n<meta property=\"og:description\" content=\"Un post on compartir els aprenentatges del curs La Infografia: entre l&#039;art i el periodisme, de Jaime Serra per aprendre a fer m\u00e9s visual l&#039;an\u00e0lisi de dades.\" \/>\n<meta property=\"og:url\" content=\"https:\/\/visirius.com\/ca\/aprenent-infografies\/\" \/>\n<meta property=\"og:site_name\" content=\"Visirius\" \/>\n<meta property=\"article:publisher\" content=\"https:\/\/www.facebook.com\/Visirius.vi\/?fref=ts\" \/>\n<meta property=\"article:author\" content=\"https:\/\/www.facebook.com\/Visiriuscom\/\" \/>\n<meta property=\"article:published_time\" content=\"2020-03-07T22:33:29+00:00\" \/>\n<meta property=\"article:modified_time\" content=\"2020-10-23T15:24:55+00:00\" \/>\n<meta property=\"og:image\" content=\"https:\/\/visirius.com\/wp-content\/uploads\/2020\/03\/Entrada-2.png\" \/>\n\t<meta property=\"og:image:width\" content=\"970\" \/>\n\t<meta property=\"og:image:height\" content=\"723\" \/>\n\t<meta property=\"og:image:type\" content=\"image\/png\" \/>\n<meta name=\"author\" content=\"Amanda Figueras\" \/>\n<meta name=\"twitter:card\" content=\"summary_large_image\" \/>\n<meta name=\"twitter:creator\" content=\"@Visiriuscom\" \/>\n<meta name=\"twitter:site\" content=\"@Visiriuscom\" \/>\n<meta name=\"twitter:label1\" content=\"Escrit per\" \/>\n\t<meta name=\"twitter:data1\" content=\"Amanda Figueras\" \/>\n\t<meta name=\"twitter:label2\" content=\"Temps estimat de lectura\" \/>\n\t<meta name=\"twitter:data2\" content=\"5 minuts\" \/>\n<script type=\"application\/ld+json\" class=\"yoast-schema-graph\">{\"@context\":\"https:\\\/\\\/schema.org\",\"@graph\":[{\"@type\":\"Article\",\"@id\":\"https:\\\/\\\/visirius.com\\\/ca\\\/aprenent-infografies\\\/#article\",\"isPartOf\":{\"@id\":\"https:\\\/\\\/visirius.com\\\/ca\\\/aprenent-infografies\\\/\"},\"author\":{\"name\":\"Amanda Figueras\",\"@id\":\"https:\\\/\\\/visirius.com\\\/#\\\/schema\\\/person\\\/246ff17dd9d9835c0c68089ee2aaa045\"},\"headline\":\"Aprenent a fer infografies\",\"datePublished\":\"2020-03-07T22:33:29+00:00\",\"dateModified\":\"2020-10-23T15:24:55+00:00\",\"mainEntityOfPage\":{\"@id\":\"https:\\\/\\\/visirius.com\\\/ca\\\/aprenent-infografies\\\/\"},\"wordCount\":971,\"commentCount\":0,\"image\":{\"@id\":\"https:\\\/\\\/visirius.com\\\/ca\\\/aprenent-infografies\\\/#primaryimage\"},\"thumbnailUrl\":\"https:\\\/\\\/visirius.com\\\/wp-content\\\/uploads\\\/2020\\\/03\\\/Entrada-2.png\",\"keywords\":[\"S\u00edntesi\",\"Visualitzaci\u00f3\"],\"articleSection\":[\"Formacions\"],\"inLanguage\":\"ca\",\"potentialAction\":[{\"@type\":\"CommentAction\",\"name\":\"Comment\",\"target\":[\"https:\\\/\\\/visirius.com\\\/ca\\\/aprenent-infografies\\\/#respond\"]}]},{\"@type\":\"WebPage\",\"@id\":\"https:\\\/\\\/visirius.com\\\/ca\\\/aprenent-infografies\\\/\",\"url\":\"https:\\\/\\\/visirius.com\\\/ca\\\/aprenent-infografies\\\/\",\"name\":\"Aprenent a fer infografies - Visirius\",\"isPartOf\":{\"@id\":\"https:\\\/\\\/visirius.com\\\/#website\"},\"primaryImageOfPage\":{\"@id\":\"https:\\\/\\\/visirius.com\\\/ca\\\/aprenent-infografies\\\/#primaryimage\"},\"image\":{\"@id\":\"https:\\\/\\\/visirius.com\\\/ca\\\/aprenent-infografies\\\/#primaryimage\"},\"thumbnailUrl\":\"https:\\\/\\\/visirius.com\\\/wp-content\\\/uploads\\\/2020\\\/03\\\/Entrada-2.png\",\"datePublished\":\"2020-03-07T22:33:29+00:00\",\"dateModified\":\"2020-10-23T15:24:55+00:00\",\"author\":{\"@id\":\"https:\\\/\\\/visirius.com\\\/#\\\/schema\\\/person\\\/246ff17dd9d9835c0c68089ee2aaa045\"},\"description\":\"Un post on compartir els aprenentatges del curs La Infografia: entre l'art i el periodisme, de Jaime Serra per aprendre a fer m\u00e9s visual l'an\u00e0lisi de dades.\",\"breadcrumb\":{\"@id\":\"https:\\\/\\\/visirius.com\\\/ca\\\/aprenent-infografies\\\/#breadcrumb\"},\"inLanguage\":\"ca\",\"potentialAction\":[{\"@type\":\"ReadAction\",\"target\":[\"https:\\\/\\\/visirius.com\\\/ca\\\/aprenent-infografies\\\/\"]}]},{\"@type\":\"ImageObject\",\"inLanguage\":\"ca\",\"@id\":\"https:\\\/\\\/visirius.com\\\/ca\\\/aprenent-infografies\\\/#primaryimage\",\"url\":\"https:\\\/\\\/visirius.com\\\/wp-content\\\/uploads\\\/2020\\\/03\\\/Entrada-2.png\",\"contentUrl\":\"https:\\\/\\\/visirius.com\\\/wp-content\\\/uploads\\\/2020\\\/03\\\/Entrada-2.png\",\"width\":970,\"height\":723,\"caption\":\"Infograf\u00eda\"},{\"@type\":\"BreadcrumbList\",\"@id\":\"https:\\\/\\\/visirius.com\\\/ca\\\/aprenent-infografies\\\/#breadcrumb\",\"itemListElement\":[{\"@type\":\"ListItem\",\"position\":1,\"name\":\"Inici\",\"item\":\"https:\\\/\\\/visirius.com\\\/ca\\\/\"},{\"@type\":\"ListItem\",\"position\":2,\"name\":\"Aprenent a fer infografies\"}]},{\"@type\":\"WebSite\",\"@id\":\"https:\\\/\\\/visirius.com\\\/#website\",\"url\":\"https:\\\/\\\/visirius.com\\\/\",\"name\":\"Visirius\",\"description\":\"Donem vida a les dades\",\"potentialAction\":[{\"@type\":\"SearchAction\",\"target\":{\"@type\":\"EntryPoint\",\"urlTemplate\":\"https:\\\/\\\/visirius.com\\\/?s={search_term_string}\"},\"query-input\":{\"@type\":\"PropertyValueSpecification\",\"valueRequired\":true,\"valueName\":\"search_term_string\"}}],\"inLanguage\":\"ca\"},{\"@type\":\"Person\",\"@id\":\"https:\\\/\\\/visirius.com\\\/#\\\/schema\\\/person\\\/246ff17dd9d9835c0c68089ee2aaa045\",\"name\":\"Amanda Figueras\",\"image\":{\"@type\":\"ImageObject\",\"inLanguage\":\"ca\",\"@id\":\"https:\\\/\\\/secure.gravatar.com\\\/avatar\\\/494c575915d58022a722ae901347670b569ecd4e0daef70a5f98aecbf9723248?s=96&d=mm&r=g\",\"url\":\"https:\\\/\\\/secure.gravatar.com\\\/avatar\\\/494c575915d58022a722ae901347670b569ecd4e0daef70a5f98aecbf9723248?s=96&d=mm&r=g\",\"contentUrl\":\"https:\\\/\\\/secure.gravatar.com\\\/avatar\\\/494c575915d58022a722ae901347670b569ecd4e0daef70a5f98aecbf9723248?s=96&d=mm&r=g\",\"caption\":\"Amanda Figueras\"},\"description\":\"Emprendedora de Visirius: consultor\u00eda desde la perspectiva de la econom\u00eda social para fortalecer peque\u00f1as organizaciones sacando rendimiento de los datos que tiene al alcance #SmallData #SlowBusiness #Consultor\u00edadeProximidad\",\"sameAs\":[\"http:\\\/\\\/visirius.com\\\/\",\"https:\\\/\\\/www.facebook.com\\\/Visiriuscom\\\/\",\"https:\\\/\\\/x.com\\\/Visiriuscom\"],\"url\":\"https:\\\/\\\/visirius.com\\\/ca\\\/author\\\/amanda\\\/\"}]}<\/script>\n<!-- \/ Yoast SEO plugin. -->","yoast_head_json":{"title":"Aprenent a fer infografies - Visirius","description":"Un post on compartir els aprenentatges del curs La Infografia: entre l'art i el periodisme, de Jaime Serra per aprendre a fer m\u00e9s visual l'an\u00e0lisi de dades.","robots":{"index":"index","follow":"follow","max-snippet":"max-snippet:-1","max-image-preview":"max-image-preview:large","max-video-preview":"max-video-preview:-1"},"canonical":"https:\/\/visirius.com\/ca\/aprenent-infografies\/","og_locale":"ca_ES","og_type":"article","og_title":"Aprenent a fer infografies - Visirius","og_description":"Un post on compartir els aprenentatges del curs La Infografia: entre l'art i el periodisme, de Jaime Serra per aprendre a fer m\u00e9s visual l'an\u00e0lisi de dades.","og_url":"https:\/\/visirius.com\/ca\/aprenent-infografies\/","og_site_name":"Visirius","article_publisher":"https:\/\/www.facebook.com\/Visirius.vi\/?fref=ts","article_author":"https:\/\/www.facebook.com\/Visiriuscom\/","article_published_time":"2020-03-07T22:33:29+00:00","article_modified_time":"2020-10-23T15:24:55+00:00","og_image":[{"width":970,"height":723,"url":"https:\/\/visirius.com\/wp-content\/uploads\/2020\/03\/Entrada-2.png","type":"image\/png"}],"author":"Amanda Figueras","twitter_card":"summary_large_image","twitter_creator":"@Visiriuscom","twitter_site":"@Visiriuscom","twitter_misc":{"Escrit per":"Amanda Figueras","Temps estimat de lectura":"5 minuts"},"schema":{"@context":"https:\/\/schema.org","@graph":[{"@type":"Article","@id":"https:\/\/visirius.com\/ca\/aprenent-infografies\/#article","isPartOf":{"@id":"https:\/\/visirius.com\/ca\/aprenent-infografies\/"},"author":{"name":"Amanda Figueras","@id":"https:\/\/visirius.com\/#\/schema\/person\/246ff17dd9d9835c0c68089ee2aaa045"},"headline":"Aprenent a fer infografies","datePublished":"2020-03-07T22:33:29+00:00","dateModified":"2020-10-23T15:24:55+00:00","mainEntityOfPage":{"@id":"https:\/\/visirius.com\/ca\/aprenent-infografies\/"},"wordCount":971,"commentCount":0,"image":{"@id":"https:\/\/visirius.com\/ca\/aprenent-infografies\/#primaryimage"},"thumbnailUrl":"https:\/\/visirius.com\/wp-content\/uploads\/2020\/03\/Entrada-2.png","keywords":["S\u00edntesi","Visualitzaci\u00f3"],"articleSection":["Formacions"],"inLanguage":"ca","potentialAction":[{"@type":"CommentAction","name":"Comment","target":["https:\/\/visirius.com\/ca\/aprenent-infografies\/#respond"]}]},{"@type":"WebPage","@id":"https:\/\/visirius.com\/ca\/aprenent-infografies\/","url":"https:\/\/visirius.com\/ca\/aprenent-infografies\/","name":"Aprenent a fer infografies - Visirius","isPartOf":{"@id":"https:\/\/visirius.com\/#website"},"primaryImageOfPage":{"@id":"https:\/\/visirius.com\/ca\/aprenent-infografies\/#primaryimage"},"image":{"@id":"https:\/\/visirius.com\/ca\/aprenent-infografies\/#primaryimage"},"thumbnailUrl":"https:\/\/visirius.com\/wp-content\/uploads\/2020\/03\/Entrada-2.png","datePublished":"2020-03-07T22:33:29+00:00","dateModified":"2020-10-23T15:24:55+00:00","author":{"@id":"https:\/\/visirius.com\/#\/schema\/person\/246ff17dd9d9835c0c68089ee2aaa045"},"description":"Un post on compartir els aprenentatges del curs La Infografia: entre l'art i el periodisme, de Jaime Serra per aprendre a fer m\u00e9s visual l'an\u00e0lisi de dades.","breadcrumb":{"@id":"https:\/\/visirius.com\/ca\/aprenent-infografies\/#breadcrumb"},"inLanguage":"ca","potentialAction":[{"@type":"ReadAction","target":["https:\/\/visirius.com\/ca\/aprenent-infografies\/"]}]},{"@type":"ImageObject","inLanguage":"ca","@id":"https:\/\/visirius.com\/ca\/aprenent-infografies\/#primaryimage","url":"https:\/\/visirius.com\/wp-content\/uploads\/2020\/03\/Entrada-2.png","contentUrl":"https:\/\/visirius.com\/wp-content\/uploads\/2020\/03\/Entrada-2.png","width":970,"height":723,"caption":"Infograf\u00eda"},{"@type":"BreadcrumbList","@id":"https:\/\/visirius.com\/ca\/aprenent-infografies\/#breadcrumb","itemListElement":[{"@type":"ListItem","position":1,"name":"Inici","item":"https:\/\/visirius.com\/ca\/"},{"@type":"ListItem","position":2,"name":"Aprenent a fer infografies"}]},{"@type":"WebSite","@id":"https:\/\/visirius.com\/#website","url":"https:\/\/visirius.com\/","name":"Visirius","description":"Donem vida a les dades","potentialAction":[{"@type":"SearchAction","target":{"@type":"EntryPoint","urlTemplate":"https:\/\/visirius.com\/?s={search_term_string}"},"query-input":{"@type":"PropertyValueSpecification","valueRequired":true,"valueName":"search_term_string"}}],"inLanguage":"ca"},{"@type":"Person","@id":"https:\/\/visirius.com\/#\/schema\/person\/246ff17dd9d9835c0c68089ee2aaa045","name":"Amanda Figueras","image":{"@type":"ImageObject","inLanguage":"ca","@id":"https:\/\/secure.gravatar.com\/avatar\/494c575915d58022a722ae901347670b569ecd4e0daef70a5f98aecbf9723248?s=96&d=mm&r=g","url":"https:\/\/secure.gravatar.com\/avatar\/494c575915d58022a722ae901347670b569ecd4e0daef70a5f98aecbf9723248?s=96&d=mm&r=g","contentUrl":"https:\/\/secure.gravatar.com\/avatar\/494c575915d58022a722ae901347670b569ecd4e0daef70a5f98aecbf9723248?s=96&d=mm&r=g","caption":"Amanda Figueras"},"description":"Emprendedora de Visirius: consultor\u00eda desde la perspectiva de la econom\u00eda social para fortalecer peque\u00f1as organizaciones sacando rendimiento de los datos que tiene al alcance #SmallData #SlowBusiness #Consultor\u00edadeProximidad","sameAs":["https:\/\/visirius.com\/","https:\/\/www.facebook.com\/Visiriuscom\/","https:\/\/x.com\/Visiriuscom"],"url":"https:\/\/visirius.com\/ca\/author\/amanda\/"}]}},"_links":{"self":[{"href":"https:\/\/visirius.com\/ca\/wp-json\/wp\/v2\/posts\/1481","targetHints":{"allow":["GET"]}}],"collection":[{"href":"https:\/\/visirius.com\/ca\/wp-json\/wp\/v2\/posts"}],"about":[{"href":"https:\/\/visirius.com\/ca\/wp-json\/wp\/v2\/types\/post"}],"author":[{"embeddable":true,"href":"https:\/\/visirius.com\/ca\/wp-json\/wp\/v2\/users\/2"}],"replies":[{"embeddable":true,"href":"https:\/\/visirius.com\/ca\/wp-json\/wp\/v2\/comments?post=1481"}],"version-history":[{"count":9,"href":"https:\/\/visirius.com\/ca\/wp-json\/wp\/v2\/posts\/1481\/revisions"}],"predecessor-version":[{"id":2232,"href":"https:\/\/visirius.com\/ca\/wp-json\/wp\/v2\/posts\/1481\/revisions\/2232"}],"wp:featuredmedia":[{"embeddable":true,"href":"https:\/\/visirius.com\/ca\/wp-json\/wp\/v2\/media\/1463"}],"wp:attachment":[{"href":"https:\/\/visirius.com\/ca\/wp-json\/wp\/v2\/media?parent=1481"}],"wp:term":[{"taxonomy":"category","embeddable":true,"href":"https:\/\/visirius.com\/ca\/wp-json\/wp\/v2\/categories?post=1481"},{"taxonomy":"post_tag","embeddable":true,"href":"https:\/\/visirius.com\/ca\/wp-json\/wp\/v2\/tags?post=1481"}],"curies":[{"name":"wp","href":"https:\/\/api.w.org\/{rel}","templated":true}]}}