{"id":1144,"date":"2018-11-07T23:20:32","date_gmt":"2018-11-07T22:20:32","guid":{"rendered":"https:\/\/visirius.com\/?p=1144"},"modified":"2020-09-21T12:36:50","modified_gmt":"2020-09-21T11:36:50","slug":"prototipar-es-atrevir-se","status":"publish","type":"post","link":"https:\/\/visirius.com\/ca\/prototipar-es-atrevir-se\/","title":{"rendered":"Prototipar es atrevir-se"},"content":{"rendered":"<p>&nbsp;<\/p>\n<div  class='flex_column av-av_one_full-2a9015ff38129c418a3f2eafba3e9512 av_one_full  avia-builder-el-0  el_before_av_one_half  avia-builder-el-first  first flex_column_div  '     ><h4>Una tarda plujosa de tardor. El millor moment per escriure, per arraulir-se en aquest espai dedicat a la reflexi\u00f3 sobre l&#8217;experi\u00e8ncia d&#8217;emprendre.<\/h4><\/div>\n<p>&nbsp;<\/p>\n<div  class='flex_column av-av_one_half-2a9015ff38129c418a3f2eafba3e9512 av_one_half  avia-builder-el-1  el_after_av_one_full  el_before_av_one_half  first flex_column_div  column-top-margin'     ><p>Visirius ha estat un dels vuit projectes seleccionats al programa &#8220;Tarragona Innovaci\u00f3 Social: prototipar amb projectes d&#8217;innovaci\u00f3 social&#8221; desenvolupat per <em><a href=\"https:\/\/www.tarragona.cat\/empreses\/tarragonaimpulsa\/empresa\/tarragona-innovacio-social\" target=\"_blank\" rel=\"noopener noreferrer\">Tarragona Impulsa<\/a><\/em> (el departament de promoci\u00f3 econ\u00f2mica de l&#8217;Ajuntament de Tarragona) i <a href=\"http:\/\/lazzum.com\/?lang=ca\" target=\"_blank\" rel=\"noopener noreferrer\"><em>Lazzum<\/em><\/a> (que coneix qu\u00e8 significa emprendre perqu\u00e8 ho viu di\u00e0riament facilitant eines per a que altres projectes assoleixin l&#8217;impacte social que anhelen. Formaci\u00f3 per persones emprenedores feta per persones emprenedores, no \u00e9s gaire habitual i s&#8217;agraeix molt\u00edssim.<\/p><\/div>\n<div  class='flex_column av-av_one_half-c6bd4a6d032faea034e7b9f0c326b190 av_one_half  avia-builder-el-2  el_after_av_one_half  el_before_av_one_full  flex_column_div  column-top-margin'     ><style type=\"text\/css\" data-created_by=\"avia_inline_auto\" id=\"style-css-av-av_image-f8c2144c35241671feaf2a6ca5b6dcb8\">\n.avia-image-container.av-av_image-f8c2144c35241671feaf2a6ca5b6dcb8 img.avia_image{\nbox-shadow:none;\n}\n.avia-image-container.av-av_image-f8c2144c35241671feaf2a6ca5b6dcb8 .av-image-caption-overlay-center{\ncolor:#ffffff;\n}\n<\/style>\n<div  class='avia-image-container av-av_image-f8c2144c35241671feaf2a6ca5b6dcb8 av-styling- avia-align-left  avia-builder-el-3  avia-builder-el-no-sibling '   itemprop=\"image\" itemscope=\"itemscope\" itemtype=\"https:\/\/schema.org\/ImageObject\" ><div class=\"avia-image-container-inner\"><div class=\"avia-image-overlay-wrap\"><img decoding=\"async\" fetchpriority=\"high\" class='wp-image-1085 avia-img-lazy-loading-not-1085 avia_image ' src=\"https:\/\/visirius.com\/wp-content\/uploads\/2018\/11\/Tarragona-300x231.jpg\" alt='Tarragona' title='Tarragona'  height=\"231\" width=\"300\"  itemprop=\"thumbnailUrl\" srcset=\"https:\/\/visirius.com\/wp-content\/uploads\/2018\/11\/Tarragona-300x231.jpg 300w, https:\/\/visirius.com\/wp-content\/uploads\/2018\/11\/Tarragona-768x592.jpg 768w, https:\/\/visirius.com\/wp-content\/uploads\/2018\/11\/Tarragona-705x543.jpg 705w, https:\/\/visirius.com\/wp-content\/uploads\/2018\/11\/Tarragona-450x347.jpg 450w, https:\/\/visirius.com\/wp-content\/uploads\/2018\/11\/Tarragona.jpg 784w\" sizes=\"(max-width: 300px) 100vw, 300px\" \/><\/div><\/div><\/div><\/div>\n<div  class='flex_column av-av_one_full-2a9015ff38129c418a3f2eafba3e9512 av_one_full  avia-builder-el-4  el_after_av_one_half  el_before_av_one_full  first flex_column_div  column-top-margin'     ><h4>En aquest post detallem cinc accions que vam fer durant les intenses hores del curs, i que recomanem fer a tots els projectes que vulguin millorar, estiguin en el moment evolutiu que estiguin.<\/h4>\n<p>Som-hi:<\/p><\/div>\n<div  class='flex_column av-av_one_full-2a9015ff38129c418a3f2eafba3e9512 av_one_full  avia-builder-el-5  el_after_av_one_full  el_before_av_one_full  first flex_column_div  column-top-margin'     ><p><strong>1\u00aa &#8211;<\/strong> Podries plasmar en un d\u00edptic quins serveis ofereixes?<\/p>\n<p>Aquesta ha estat la nostra primera edici\u00f3 d&#8217;un d\u00edptic &#8211; carpeteta<\/p><\/div>\n<div  class='flex_column av-av_one_full-2a9015ff38129c418a3f2eafba3e9512 av_one_full  avia-builder-el-6  el_after_av_one_full  el_before_av_one_full  first flex_column_div  column-top-margin'     ><style type=\"text\/css\" data-created_by=\"avia_inline_auto\" id=\"style-css-av-av_image-359097b84462dd3eeecba42f34b897d4\">\n.avia-image-container.av-av_image-359097b84462dd3eeecba42f34b897d4 img.avia_image{\nbox-shadow:none;\n}\n.avia-image-container.av-av_image-359097b84462dd3eeecba42f34b897d4 .av-image-caption-overlay-center{\ncolor:#ffffff;\n}\n<\/style>\n<div  class='avia-image-container av-av_image-359097b84462dd3eeecba42f34b897d4 av-styling- avia-align-left  avia-builder-el-7  avia-builder-el-no-sibling '   itemprop=\"image\" itemscope=\"itemscope\" itemtype=\"https:\/\/schema.org\/ImageObject\" ><div class=\"avia-image-container-inner\"><div class=\"avia-image-overlay-wrap\"><img decoding=\"async\" fetchpriority=\"high\" class='wp-image-1146 avia-img-lazy-loading-not-1146 avia_image ' src=\"https:\/\/visirius.com\/wp-content\/uploads\/2018\/11\/Diptic-495x400.jpg\" alt='Diptic' title='Diptic'  height=\"400\" width=\"495\"  itemprop=\"thumbnailUrl\" srcset=\"https:\/\/visirius.com\/wp-content\/uploads\/2018\/11\/Diptic-495x400.jpg 495w, https:\/\/visirius.com\/wp-content\/uploads\/2018\/11\/Diptic-845x684.jpg 845w\" sizes=\"(max-width: 495px) 100vw, 495px\" \/><\/div><\/div><\/div><\/div>\n<p>&nbsp;<\/p>\n<div  class='flex_column av-av_one_full-2a9015ff38129c418a3f2eafba3e9512 av_one_full  avia-builder-el-8  el_after_av_one_full  el_before_av_one_full  first flex_column_div  column-top-margin'     ><p><strong>2\u00aa &#8211;<\/strong> Com sintetitzaries la complexitat del teu model de negoci en un mind mapping?<\/p>\n<p>Nosaltres vam utilitzar els materials motivadors de <a href=\"https:\/\/manualthinking.com\/es\/\" target=\"_blank\" rel=\"noopener noreferrer\"><em>Manual Thinking<\/em><\/a><\/p><\/div>\n<div  class='flex_column av-av_one_full-2a9015ff38129c418a3f2eafba3e9512 av_one_full  avia-builder-el-9  el_after_av_one_full  el_before_av_one_full  first flex_column_div  column-top-margin'     ><style type=\"text\/css\" data-created_by=\"avia_inline_auto\" id=\"style-css-av-av_image-7da47842cdf0c3c5894c943bf4fad406\">\n.avia-image-container.av-av_image-7da47842cdf0c3c5894c943bf4fad406 img.avia_image{\nbox-shadow:none;\n}\n.avia-image-container.av-av_image-7da47842cdf0c3c5894c943bf4fad406 .av-image-caption-overlay-center{\ncolor:#ffffff;\n}\n<\/style>\n<div  class='avia-image-container av-av_image-7da47842cdf0c3c5894c943bf4fad406 av-styling- avia-align-left  avia-builder-el-10  avia-builder-el-no-sibling '   itemprop=\"image\" itemscope=\"itemscope\" itemtype=\"https:\/\/schema.org\/ImageObject\" ><div class=\"avia-image-container-inner\"><div class=\"avia-image-overlay-wrap\"><img decoding=\"async\" fetchpriority=\"high\" class='wp-image-1088 avia-img-lazy-loading-not-1088 avia_image ' src=\"https:\/\/visirius.com\/wp-content\/uploads\/2018\/11\/TGN_2-300x225.jpg\" alt='MindMapping' title='MindMapping'  height=\"225\" width=\"300\"  itemprop=\"thumbnailUrl\" srcset=\"https:\/\/visirius.com\/wp-content\/uploads\/2018\/11\/TGN_2-300x225.jpg 300w, https:\/\/visirius.com\/wp-content\/uploads\/2018\/11\/TGN_2-768x576.jpg 768w, https:\/\/visirius.com\/wp-content\/uploads\/2018\/11\/TGN_2-1030x773.jpg 1030w, https:\/\/visirius.com\/wp-content\/uploads\/2018\/11\/TGN_2-705x529.jpg 705w, https:\/\/visirius.com\/wp-content\/uploads\/2018\/11\/TGN_2-450x338.jpg 450w, https:\/\/visirius.com\/wp-content\/uploads\/2018\/11\/TGN_2.jpg 1200w\" sizes=\"(max-width: 300px) 100vw, 300px\" \/><\/div><\/div><\/div><\/div>\n<p>&nbsp;<\/p>\n<div  class='flex_column av-av_one_full-2a9015ff38129c418a3f2eafba3e9512 av_one_full  avia-builder-el-11  el_after_av_one_full  el_before_av_one_full  first flex_column_div  column-top-margin'     ><p><strong>3\u00aa &#8211;<\/strong> Quines necessitats reculls tant dels clients reals com potencials per a modelar la teva proposta de valor?<\/p>\n<p>Ho vam concretar en el potent canvas de <a href=\"https:\/\/strategyzer.com\/canvas\/value-proposition-canvas\" target=\"_blank\" rel=\"noopener noreferrer\"><em>Strategyzer<\/em><\/a><\/p><\/div>\n<div  class='flex_column av-av_one_full-2a9015ff38129c418a3f2eafba3e9512 av_one_full  avia-builder-el-12  el_after_av_one_full  el_before_av_one_full  first flex_column_div  column-top-margin'     ><style type=\"text\/css\" data-created_by=\"avia_inline_auto\" id=\"style-css-av-av_image-ec6c5f7eeecd6c446f315d73be27bf66\">\n.avia-image-container.av-av_image-ec6c5f7eeecd6c446f315d73be27bf66 img.avia_image{\nbox-shadow:none;\n}\n.avia-image-container.av-av_image-ec6c5f7eeecd6c446f315d73be27bf66 .av-image-caption-overlay-center{\ncolor:#ffffff;\n}\n<\/style>\n<div  class='avia-image-container av-av_image-ec6c5f7eeecd6c446f315d73be27bf66 av-styling- avia-align-left  avia-builder-el-13  avia-builder-el-no-sibling '   itemprop=\"image\" itemscope=\"itemscope\" itemtype=\"https:\/\/schema.org\/ImageObject\" ><div class=\"avia-image-container-inner\"><div class=\"avia-image-overlay-wrap\"><img decoding=\"async\" fetchpriority=\"high\" class='wp-image-1089 avia-img-lazy-loading-not-1089 avia_image ' src=\"https:\/\/visirius.com\/wp-content\/uploads\/2018\/11\/Canvas-845x684.jpg\" alt='Canvas' title='Canvas'  height=\"684\" width=\"845\"  itemprop=\"thumbnailUrl\" srcset=\"https:\/\/visirius.com\/wp-content\/uploads\/2018\/11\/Canvas-845x684.jpg 845w, https:\/\/visirius.com\/wp-content\/uploads\/2018\/11\/Canvas-495x400.jpg 495w\" sizes=\"(max-width: 845px) 100vw, 845px\" \/><\/div><\/div><\/div><\/div>\n<p>&nbsp;<\/p>\n<div  class='flex_column av-av_one_full-2a9015ff38129c418a3f2eafba3e9512 av_one_full  avia-builder-el-14  el_after_av_one_full  el_before_av_two_third  first flex_column_div  column-top-margin'     ><p><strong>4\u00aa &#8211;<\/strong> Ets capa\u00e7 de transmetre la intenci\u00f3 del projecte en menys d&#8217;un minut? <\/p><\/div>\n<div  class='flex_column av-av_two_third-2a9015ff38129c418a3f2eafba3e9512 av_two_third  avia-builder-el-15  el_after_av_one_full  el_before_av_one_third  first flex_column_div  column-top-margin'     ><div  class='avia-video av-av_video-a06fd40d95af3d6afc95f00967745892 avia-video-4-3 av-no-preview-image avia-video-load-always av-lazyload-immediate av-lazyload-video-embed'  itemprop=\"video\" itemtype=\"https:\/\/schema.org\/VideoObject\"  data-original_url='https:\/\/youtu.be\/sPQFkcC8JXo'><script type='text\/html' class='av-video-tmpl'><div class='avia-iframe-wrap'><iframe loading=\"lazy\" width=\"1500\" height=\"844\" src=\"https:\/\/www.youtube.com\/embed\/sPQFkcC8JXo?feature=oembed&autoplay=0&loop=0&controls=1&mute=0\" frameborder=\"0\" allow=\"accelerometer; autoplay; encrypted-media; gyroscope; picture-in-picture\" allowfullscreen><\/iframe><\/div><\/script><div class='av-click-to-play-overlay'><div class=\"avia_playpause_icon\"><\/div><\/div><\/div><\/div>\n<div  class='flex_column av-av_one_third-c6bd4a6d032faea034e7b9f0c326b190 av_one_third  avia-builder-el-17  el_after_av_two_third  el_before_av_one_full  flex_column_div  column-top-margin'     ><p>Aqu\u00ed expliquem Visirius en 54 segons!<\/p>\n<p>(si t&#8217;apareixen els subt\u00edtols en castell\u00e0 els pots desactivar clicant la primera icona a baix a la dreta) <\/p><\/div>\n<p>&nbsp;<\/p>\n<div  class='flex_column av-av_one_full-2a9015ff38129c418a3f2eafba3e9512 av_one_full  avia-builder-el-18  el_after_av_one_third  el_before_av_one_full  first flex_column_div  column-top-margin'     ><p><strong>5\u00aa &#8211;<\/strong> Durant la \u00faltima sessi\u00f3 de juliol vam projectar els objectius a tres mesos vista construint un quadre que diferencia les dimensions empresarials i els diferents estats.<\/p>\n<p>I a finals d&#8217;octubre ens vam tornar a reunir per a veure qu\u00e8 hav\u00edem aconseguit, qu\u00e8 necessitava ser millorat, quines necessitats hav\u00edem detectat&#8230; i per a compartir, sobretot compartir.<\/p><\/div>\n<div  class='flex_column av-av_one_full-2a9015ff38129c418a3f2eafba3e9512 av_one_full  avia-builder-el-19  el_after_av_one_full  el_before_av_one_full  first flex_column_div  column-top-margin'     ><style type=\"text\/css\" data-created_by=\"avia_inline_auto\" id=\"style-css-av-av_image-a14b0709fcdd731fe27e7167d286da84\">\n.avia-image-container.av-av_image-a14b0709fcdd731fe27e7167d286da84 img.avia_image{\nbox-shadow:none;\n}\n.avia-image-container.av-av_image-a14b0709fcdd731fe27e7167d286da84 .av-image-caption-overlay-center{\ncolor:#ffffff;\n}\n<\/style>\n<div  class='avia-image-container av-av_image-a14b0709fcdd731fe27e7167d286da84 av-styling- avia-align-left  avia-builder-el-20  avia-builder-el-no-sibling '   itemprop=\"image\" itemscope=\"itemscope\" itemtype=\"https:\/\/schema.org\/ImageObject\" ><div class=\"avia-image-container-inner\"><div class=\"avia-image-overlay-wrap\"><img decoding=\"async\" fetchpriority=\"high\" class='wp-image-1147 avia-img-lazy-loading-not-1147 avia_image ' src=\"https:\/\/visirius.com\/wp-content\/uploads\/2018\/11\/Objectius-1030x616.jpg\" alt='' title='Objectius'  height=\"616\" width=\"1030\"  itemprop=\"thumbnailUrl\" srcset=\"https:\/\/visirius.com\/wp-content\/uploads\/2018\/11\/Objectius-1030x616.jpg 1030w, https:\/\/visirius.com\/wp-content\/uploads\/2018\/11\/Objectius-300x179.jpg 300w, https:\/\/visirius.com\/wp-content\/uploads\/2018\/11\/Objectius-768x459.jpg 768w, https:\/\/visirius.com\/wp-content\/uploads\/2018\/11\/Objectius-705x422.jpg 705w, https:\/\/visirius.com\/wp-content\/uploads\/2018\/11\/Objectius-450x269.jpg 450w, https:\/\/visirius.com\/wp-content\/uploads\/2018\/11\/Objectius.jpg 1187w\" sizes=\"(max-width: 1030px) 100vw, 1030px\" \/><\/div><\/div><\/div><\/div>\n<div  class='flex_column av-av_one_full-2a9015ff38129c418a3f2eafba3e9512 av_one_full  avia-builder-el-21  el_after_av_one_full  el_before_av_one_full  first flex_column_div  column-top-margin'     ><p><strong>I quin ha estat l&#8217;aprenentatge m\u00e9s important despr\u00e9s de participar en aquest programa?<\/strong><\/p>\n<p>Que prototipar \u00e9s atrevir-se, \u00e9s v\u00e8ncer la por a no ser perfecta, ni tan sols desitjar-ho, que es en l&#8217;acci\u00f3 i en la imperfecci\u00f3 inherent a tota acci\u00f3 on m\u00e9s s&#8217;apr\u00e8n.<\/p>\n<p>I ara Visirius ja forma part de la <a href=\"https:\/\/www.facebook.com\/lazzum\/\" target=\"_blank\" rel=\"noopener noreferrer\"><em>Comunitat Lazzum<\/em><\/a> que aglutina diferents projectes emprenedors amb qui compartim la voluntat de treballar per un m\u00f3n millor. Sona ut\u00f2pic? Hem apr\u00e8s que el primordial es atrevir-se&#8230;<\/p><\/div>\n<div  class='flex_column av-av_one_full-2a9015ff38129c418a3f2eafba3e9512 av_one_full  avia-builder-el-22  el_after_av_one_full  avia-builder-el-last  first flex_column_div  column-top-margin'     ><style type=\"text\/css\" data-created_by=\"avia_inline_auto\" id=\"style-css-av-av_image-d96bdb97bbaedfd73c54f73a54651a78\">\n.avia-image-container.av-av_image-d96bdb97bbaedfd73c54f73a54651a78 img.avia_image{\nbox-shadow:none;\n}\n.avia-image-container.av-av_image-d96bdb97bbaedfd73c54f73a54651a78 .av-image-caption-overlay-center{\ncolor:#ffffff;\n}\n<\/style>\n<div  class='avia-image-container av-av_image-d96bdb97bbaedfd73c54f73a54651a78 av-styling- avia-align-center  avia-builder-el-23  avia-builder-el-no-sibling '   itemprop=\"image\" itemscope=\"itemscope\" itemtype=\"https:\/\/schema.org\/ImageObject\" ><div class=\"avia-image-container-inner\"><div class=\"avia-image-overlay-wrap\"><img decoding=\"async\" fetchpriority=\"high\" class='wp-image-1096 avia-img-lazy-loading-not-1096 avia_image ' src=\"https:\/\/visirius.com\/wp-content\/uploads\/2018\/11\/Participa-495x400.jpg\" alt='Participa' title='Participa'  height=\"400\" width=\"495\"  itemprop=\"thumbnailUrl\"  \/><\/div><\/div><\/div><\/div>\n<p>&nbsp;<\/p>\n","protected":false},"excerpt":{"rendered":"<p>Visirius ha estat un dels projectes seleccionats al programa &#8220;Tarragona Innovaci\u00f3 Social: prototipatge per persones emprenedores amb projectes d&#8217;innovaci\u00f3 social&#8221; <\/p>\n","protected":false},"author":2,"featured_media":1098,"comment_status":"open","ping_status":"open","sticky":false,"template":"","format":"standard","meta":{"footnotes":""},"categories":[50],"tags":[69,22],"class_list":["post-1144","post","type-post","status-publish","format-standard","has-post-thumbnail","hentry","category-formacions","tag-economia-social","tag-sintesi"],"yoast_head":"<!-- This site is optimized with the Yoast SEO plugin v27.4 - https:\/\/yoast.com\/product\/yoast-seo-wordpress\/ -->\n<title>Prototipar \u00e9s atrevir-se<\/title>\n<meta name=\"description\" content=\"Una tarda plujosa de tardor. El millor moment per escriure, per arraulir-se en aquest espai dedicat a la reflexi\u00f3 sobre l&#039;experi\u00e8ncia d&#039;emprendre\" \/>\n<meta name=\"robots\" content=\"index, follow, max-snippet:-1, max-image-preview:large, max-video-preview:-1\" \/>\n<link rel=\"canonical\" href=\"https:\/\/visirius.com\/ca\/prototipar-es-atrevir-se\/\" \/>\n<meta property=\"og:locale\" content=\"ca_ES\" \/>\n<meta property=\"og:type\" content=\"article\" \/>\n<meta property=\"og:title\" content=\"Prototipar \u00e9s atrevir-se\" \/>\n<meta property=\"og:description\" content=\"Una tarda plujosa de tardor. El millor moment per escriure, per arraulir-se en aquest espai dedicat a la reflexi\u00f3 sobre l&#039;experi\u00e8ncia d&#039;emprendre\" \/>\n<meta property=\"og:url\" content=\"https:\/\/visirius.com\/ca\/prototipar-es-atrevir-se\/\" \/>\n<meta property=\"og:site_name\" content=\"Visirius\" \/>\n<meta property=\"article:publisher\" content=\"https:\/\/www.facebook.com\/Visirius.vi\/?fref=ts\" \/>\n<meta property=\"article:author\" content=\"https:\/\/www.facebook.com\/Visiriuscom\/\" \/>\n<meta property=\"article:published_time\" content=\"2018-11-07T22:20:32+00:00\" \/>\n<meta property=\"article:modified_time\" content=\"2020-09-21T11:36:50+00:00\" \/>\n<meta property=\"og:image\" content=\"https:\/\/visirius.com\/wp-content\/uploads\/2018\/11\/Grup.jpg\" \/>\n\t<meta property=\"og:image:width\" content=\"2048\" \/>\n\t<meta property=\"og:image:height\" content=\"1536\" \/>\n\t<meta property=\"og:image:type\" content=\"image\/jpeg\" \/>\n<meta name=\"author\" content=\"Amanda Figueras\" \/>\n<meta name=\"twitter:card\" content=\"summary_large_image\" \/>\n<meta name=\"twitter:creator\" content=\"@Visiriuscom\" \/>\n<meta name=\"twitter:site\" content=\"@Visiriuscom\" \/>\n<meta name=\"twitter:label1\" content=\"Escrit per\" \/>\n\t<meta name=\"twitter:data1\" content=\"Amanda Figueras\" \/>\n\t<meta name=\"twitter:label2\" content=\"Temps estimat de lectura\" \/>\n\t<meta name=\"twitter:data2\" content=\"4 minuts\" \/>\n<script type=\"application\/ld+json\" class=\"yoast-schema-graph\">{\"@context\":\"https:\\\/\\\/schema.org\",\"@graph\":[{\"@type\":\"Article\",\"@id\":\"https:\\\/\\\/visirius.com\\\/ca\\\/prototipar-es-atrevir-se\\\/#article\",\"isPartOf\":{\"@id\":\"https:\\\/\\\/visirius.com\\\/ca\\\/prototipar-es-atrevir-se\\\/\"},\"author\":{\"name\":\"Amanda Figueras\",\"@id\":\"https:\\\/\\\/visirius.com\\\/#\\\/schema\\\/person\\\/246ff17dd9d9835c0c68089ee2aaa045\"},\"headline\":\"Prototipar es atrevir-se\",\"datePublished\":\"2018-11-07T22:20:32+00:00\",\"dateModified\":\"2020-09-21T11:36:50+00:00\",\"mainEntityOfPage\":{\"@id\":\"https:\\\/\\\/visirius.com\\\/ca\\\/prototipar-es-atrevir-se\\\/\"},\"wordCount\":779,\"commentCount\":0,\"image\":{\"@id\":\"https:\\\/\\\/visirius.com\\\/ca\\\/prototipar-es-atrevir-se\\\/#primaryimage\"},\"thumbnailUrl\":\"https:\\\/\\\/visirius.com\\\/wp-content\\\/uploads\\\/2018\\\/11\\\/Grup.jpg\",\"keywords\":[\"Economia Social\",\"S\u00edntesi\"],\"articleSection\":[\"Formacions\"],\"inLanguage\":\"ca\",\"potentialAction\":[{\"@type\":\"CommentAction\",\"name\":\"Comment\",\"target\":[\"https:\\\/\\\/visirius.com\\\/ca\\\/prototipar-es-atrevir-se\\\/#respond\"]}]},{\"@type\":\"WebPage\",\"@id\":\"https:\\\/\\\/visirius.com\\\/ca\\\/prototipar-es-atrevir-se\\\/\",\"url\":\"https:\\\/\\\/visirius.com\\\/ca\\\/prototipar-es-atrevir-se\\\/\",\"name\":\"Prototipar \u00e9s atrevir-se\",\"isPartOf\":{\"@id\":\"https:\\\/\\\/visirius.com\\\/#website\"},\"primaryImageOfPage\":{\"@id\":\"https:\\\/\\\/visirius.com\\\/ca\\\/prototipar-es-atrevir-se\\\/#primaryimage\"},\"image\":{\"@id\":\"https:\\\/\\\/visirius.com\\\/ca\\\/prototipar-es-atrevir-se\\\/#primaryimage\"},\"thumbnailUrl\":\"https:\\\/\\\/visirius.com\\\/wp-content\\\/uploads\\\/2018\\\/11\\\/Grup.jpg\",\"datePublished\":\"2018-11-07T22:20:32+00:00\",\"dateModified\":\"2020-09-21T11:36:50+00:00\",\"author\":{\"@id\":\"https:\\\/\\\/visirius.com\\\/#\\\/schema\\\/person\\\/246ff17dd9d9835c0c68089ee2aaa045\"},\"description\":\"Una tarda plujosa de tardor. El millor moment per escriure, per arraulir-se en aquest espai dedicat a la reflexi\u00f3 sobre l'experi\u00e8ncia d'emprendre\",\"breadcrumb\":{\"@id\":\"https:\\\/\\\/visirius.com\\\/ca\\\/prototipar-es-atrevir-se\\\/#breadcrumb\"},\"inLanguage\":\"ca\",\"potentialAction\":[{\"@type\":\"ReadAction\",\"target\":[\"https:\\\/\\\/visirius.com\\\/ca\\\/prototipar-es-atrevir-se\\\/\"]}]},{\"@type\":\"ImageObject\",\"inLanguage\":\"ca\",\"@id\":\"https:\\\/\\\/visirius.com\\\/ca\\\/prototipar-es-atrevir-se\\\/#primaryimage\",\"url\":\"https:\\\/\\\/visirius.com\\\/wp-content\\\/uploads\\\/2018\\\/11\\\/Grup.jpg\",\"contentUrl\":\"https:\\\/\\\/visirius.com\\\/wp-content\\\/uploads\\\/2018\\\/11\\\/Grup.jpg\",\"width\":2048,\"height\":1536,\"caption\":\"Prototipar\"},{\"@type\":\"BreadcrumbList\",\"@id\":\"https:\\\/\\\/visirius.com\\\/ca\\\/prototipar-es-atrevir-se\\\/#breadcrumb\",\"itemListElement\":[{\"@type\":\"ListItem\",\"position\":1,\"name\":\"Inici\",\"item\":\"https:\\\/\\\/visirius.com\\\/ca\\\/\"},{\"@type\":\"ListItem\",\"position\":2,\"name\":\"Prototipar es atrevir-se\"}]},{\"@type\":\"WebSite\",\"@id\":\"https:\\\/\\\/visirius.com\\\/#website\",\"url\":\"https:\\\/\\\/visirius.com\\\/\",\"name\":\"Visirius\",\"description\":\"Donem vida a les dades\",\"potentialAction\":[{\"@type\":\"SearchAction\",\"target\":{\"@type\":\"EntryPoint\",\"urlTemplate\":\"https:\\\/\\\/visirius.com\\\/?s={search_term_string}\"},\"query-input\":{\"@type\":\"PropertyValueSpecification\",\"valueRequired\":true,\"valueName\":\"search_term_string\"}}],\"inLanguage\":\"ca\"},{\"@type\":\"Person\",\"@id\":\"https:\\\/\\\/visirius.com\\\/#\\\/schema\\\/person\\\/246ff17dd9d9835c0c68089ee2aaa045\",\"name\":\"Amanda Figueras\",\"image\":{\"@type\":\"ImageObject\",\"inLanguage\":\"ca\",\"@id\":\"https:\\\/\\\/secure.gravatar.com\\\/avatar\\\/494c575915d58022a722ae901347670b569ecd4e0daef70a5f98aecbf9723248?s=96&d=mm&r=g\",\"url\":\"https:\\\/\\\/secure.gravatar.com\\\/avatar\\\/494c575915d58022a722ae901347670b569ecd4e0daef70a5f98aecbf9723248?s=96&d=mm&r=g\",\"contentUrl\":\"https:\\\/\\\/secure.gravatar.com\\\/avatar\\\/494c575915d58022a722ae901347670b569ecd4e0daef70a5f98aecbf9723248?s=96&d=mm&r=g\",\"caption\":\"Amanda Figueras\"},\"description\":\"Emprendedora de Visirius: consultor\u00eda desde la perspectiva de la econom\u00eda social para fortalecer peque\u00f1as organizaciones sacando rendimiento de los datos que tiene al alcance #SmallData #SlowBusiness #Consultor\u00edadeProximidad\",\"sameAs\":[\"http:\\\/\\\/visirius.com\\\/\",\"https:\\\/\\\/www.facebook.com\\\/Visiriuscom\\\/\",\"https:\\\/\\\/x.com\\\/Visiriuscom\"],\"url\":\"https:\\\/\\\/visirius.com\\\/ca\\\/author\\\/amanda\\\/\"}]}<\/script>\n<!-- \/ Yoast SEO plugin. -->","yoast_head_json":{"title":"Prototipar \u00e9s atrevir-se","description":"Una tarda plujosa de tardor. El millor moment per escriure, per arraulir-se en aquest espai dedicat a la reflexi\u00f3 sobre l'experi\u00e8ncia d'emprendre","robots":{"index":"index","follow":"follow","max-snippet":"max-snippet:-1","max-image-preview":"max-image-preview:large","max-video-preview":"max-video-preview:-1"},"canonical":"https:\/\/visirius.com\/ca\/prototipar-es-atrevir-se\/","og_locale":"ca_ES","og_type":"article","og_title":"Prototipar \u00e9s atrevir-se","og_description":"Una tarda plujosa de tardor. El millor moment per escriure, per arraulir-se en aquest espai dedicat a la reflexi\u00f3 sobre l'experi\u00e8ncia d'emprendre","og_url":"https:\/\/visirius.com\/ca\/prototipar-es-atrevir-se\/","og_site_name":"Visirius","article_publisher":"https:\/\/www.facebook.com\/Visirius.vi\/?fref=ts","article_author":"https:\/\/www.facebook.com\/Visiriuscom\/","article_published_time":"2018-11-07T22:20:32+00:00","article_modified_time":"2020-09-21T11:36:50+00:00","og_image":[{"width":2048,"height":1536,"url":"https:\/\/visirius.com\/wp-content\/uploads\/2018\/11\/Grup.jpg","type":"image\/jpeg"}],"author":"Amanda Figueras","twitter_card":"summary_large_image","twitter_creator":"@Visiriuscom","twitter_site":"@Visiriuscom","twitter_misc":{"Escrit per":"Amanda Figueras","Temps estimat de lectura":"4 minuts"},"schema":{"@context":"https:\/\/schema.org","@graph":[{"@type":"Article","@id":"https:\/\/visirius.com\/ca\/prototipar-es-atrevir-se\/#article","isPartOf":{"@id":"https:\/\/visirius.com\/ca\/prototipar-es-atrevir-se\/"},"author":{"name":"Amanda Figueras","@id":"https:\/\/visirius.com\/#\/schema\/person\/246ff17dd9d9835c0c68089ee2aaa045"},"headline":"Prototipar es atrevir-se","datePublished":"2018-11-07T22:20:32+00:00","dateModified":"2020-09-21T11:36:50+00:00","mainEntityOfPage":{"@id":"https:\/\/visirius.com\/ca\/prototipar-es-atrevir-se\/"},"wordCount":779,"commentCount":0,"image":{"@id":"https:\/\/visirius.com\/ca\/prototipar-es-atrevir-se\/#primaryimage"},"thumbnailUrl":"https:\/\/visirius.com\/wp-content\/uploads\/2018\/11\/Grup.jpg","keywords":["Economia Social","S\u00edntesi"],"articleSection":["Formacions"],"inLanguage":"ca","potentialAction":[{"@type":"CommentAction","name":"Comment","target":["https:\/\/visirius.com\/ca\/prototipar-es-atrevir-se\/#respond"]}]},{"@type":"WebPage","@id":"https:\/\/visirius.com\/ca\/prototipar-es-atrevir-se\/","url":"https:\/\/visirius.com\/ca\/prototipar-es-atrevir-se\/","name":"Prototipar \u00e9s atrevir-se","isPartOf":{"@id":"https:\/\/visirius.com\/#website"},"primaryImageOfPage":{"@id":"https:\/\/visirius.com\/ca\/prototipar-es-atrevir-se\/#primaryimage"},"image":{"@id":"https:\/\/visirius.com\/ca\/prototipar-es-atrevir-se\/#primaryimage"},"thumbnailUrl":"https:\/\/visirius.com\/wp-content\/uploads\/2018\/11\/Grup.jpg","datePublished":"2018-11-07T22:20:32+00:00","dateModified":"2020-09-21T11:36:50+00:00","author":{"@id":"https:\/\/visirius.com\/#\/schema\/person\/246ff17dd9d9835c0c68089ee2aaa045"},"description":"Una tarda plujosa de tardor. El millor moment per escriure, per arraulir-se en aquest espai dedicat a la reflexi\u00f3 sobre l'experi\u00e8ncia d'emprendre","breadcrumb":{"@id":"https:\/\/visirius.com\/ca\/prototipar-es-atrevir-se\/#breadcrumb"},"inLanguage":"ca","potentialAction":[{"@type":"ReadAction","target":["https:\/\/visirius.com\/ca\/prototipar-es-atrevir-se\/"]}]},{"@type":"ImageObject","inLanguage":"ca","@id":"https:\/\/visirius.com\/ca\/prototipar-es-atrevir-se\/#primaryimage","url":"https:\/\/visirius.com\/wp-content\/uploads\/2018\/11\/Grup.jpg","contentUrl":"https:\/\/visirius.com\/wp-content\/uploads\/2018\/11\/Grup.jpg","width":2048,"height":1536,"caption":"Prototipar"},{"@type":"BreadcrumbList","@id":"https:\/\/visirius.com\/ca\/prototipar-es-atrevir-se\/#breadcrumb","itemListElement":[{"@type":"ListItem","position":1,"name":"Inici","item":"https:\/\/visirius.com\/ca\/"},{"@type":"ListItem","position":2,"name":"Prototipar es atrevir-se"}]},{"@type":"WebSite","@id":"https:\/\/visirius.com\/#website","url":"https:\/\/visirius.com\/","name":"Visirius","description":"Donem vida a les dades","potentialAction":[{"@type":"SearchAction","target":{"@type":"EntryPoint","urlTemplate":"https:\/\/visirius.com\/?s={search_term_string}"},"query-input":{"@type":"PropertyValueSpecification","valueRequired":true,"valueName":"search_term_string"}}],"inLanguage":"ca"},{"@type":"Person","@id":"https:\/\/visirius.com\/#\/schema\/person\/246ff17dd9d9835c0c68089ee2aaa045","name":"Amanda Figueras","image":{"@type":"ImageObject","inLanguage":"ca","@id":"https:\/\/secure.gravatar.com\/avatar\/494c575915d58022a722ae901347670b569ecd4e0daef70a5f98aecbf9723248?s=96&d=mm&r=g","url":"https:\/\/secure.gravatar.com\/avatar\/494c575915d58022a722ae901347670b569ecd4e0daef70a5f98aecbf9723248?s=96&d=mm&r=g","contentUrl":"https:\/\/secure.gravatar.com\/avatar\/494c575915d58022a722ae901347670b569ecd4e0daef70a5f98aecbf9723248?s=96&d=mm&r=g","caption":"Amanda Figueras"},"description":"Emprendedora de Visirius: consultor\u00eda desde la perspectiva de la econom\u00eda social para fortalecer peque\u00f1as organizaciones sacando rendimiento de los datos que tiene al alcance #SmallData #SlowBusiness #Consultor\u00edadeProximidad","sameAs":["https:\/\/visirius.com\/","https:\/\/www.facebook.com\/Visiriuscom\/","https:\/\/x.com\/Visiriuscom"],"url":"https:\/\/visirius.com\/ca\/author\/amanda\/"}]}},"_links":{"self":[{"href":"https:\/\/visirius.com\/ca\/wp-json\/wp\/v2\/posts\/1144","targetHints":{"allow":["GET"]}}],"collection":[{"href":"https:\/\/visirius.com\/ca\/wp-json\/wp\/v2\/posts"}],"about":[{"href":"https:\/\/visirius.com\/ca\/wp-json\/wp\/v2\/types\/post"}],"author":[{"embeddable":true,"href":"https:\/\/visirius.com\/ca\/wp-json\/wp\/v2\/users\/2"}],"replies":[{"embeddable":true,"href":"https:\/\/visirius.com\/ca\/wp-json\/wp\/v2\/comments?post=1144"}],"version-history":[{"count":8,"href":"https:\/\/visirius.com\/ca\/wp-json\/wp\/v2\/posts\/1144\/revisions"}],"predecessor-version":[{"id":1152,"href":"https:\/\/visirius.com\/ca\/wp-json\/wp\/v2\/posts\/1144\/revisions\/1152"}],"wp:featuredmedia":[{"embeddable":true,"href":"https:\/\/visirius.com\/ca\/wp-json\/wp\/v2\/media\/1098"}],"wp:attachment":[{"href":"https:\/\/visirius.com\/ca\/wp-json\/wp\/v2\/media?parent=1144"}],"wp:term":[{"taxonomy":"category","embeddable":true,"href":"https:\/\/visirius.com\/ca\/wp-json\/wp\/v2\/categories?post=1144"},{"taxonomy":"post_tag","embeddable":true,"href":"https:\/\/visirius.com\/ca\/wp-json\/wp\/v2\/tags?post=1144"}],"curies":[{"name":"wp","href":"https:\/\/api.w.org\/{rel}","templated":true}]}}